{"id":717,"date":"2021-09-21T14:10:47","date_gmt":"2021-09-21T12:10:47","guid":{"rendered":"https:\/\/spkrauszow.ugnowytarg.pl\/?p=717"},"modified":"2022-06-04T11:34:18","modified_gmt":"2022-06-04T09:34:18","slug":"dzien-przedszkolaka","status":"publish","type":"post","link":"https:\/\/spkrauszow.ugnowytarg.pl\/index.php\/2021\/09\/21\/dzien-przedszkolaka\/","title":{"rendered":"Dzie\u0144 Przedszkolaka"},"content":{"rendered":"<p>21 wrze\u015bnia w naszym oddziale przedszkolnym obchodzili\u015bmy Dzie\u0144 Przedszkolaka . \u015amiechom i zabawom nie by\u0142o ko\u0144ca. Z okazji tak wa\u017cnego dnia \u017cyczymy ma\u0142ym odkrywcom wszystkiego co najlepsze. Id\u017acie przez \u017cycie \u015bmia\u0142o z wysoko podniesion\u0105 g\u0142ow\u0105.<\/p>\n<!-- Final Tiles Grid Gallery for WordPress v3.6.13 free --><style>#ftg-1212 .tile .icon { color:#ffffff; }#ftg-1212 .ftg-items .loading-bar i { background:#666; }#ftg-1212 .ftg-items .loading-bar { background:#fff; }#ftg-1212 .tile .icon { font-size:12px; }#ftg-1212 .tile .icon { margin: -6px 0 0 -6px; }#ftg-1212 .tile .caption-block .text-wrapper span.text { font-size:12px; }#ftg-1212 .tile .caption-outside .text-wrapper span.text { font-size:12px; }#ftg-1212 .tile .caption-block .text-wrapper span.title { font-size:14px; }#ftg-1212 .tile .caption-outside .text-wrapper span.title { font-size:14px; }#ftg-1212 .tile { background-color: transparent; }#ftg-1212 .tile .caption-block .text-wrapper span.text { color: #ffffff; }#ftg-1212 .tile .caption-block .text-wrapper span.title { color: #ffffff; }#ftg-1212 .tile .caption-outside .text-wrapper span.text { color: #ffffff; }#ftg-1212 .tile .caption-outside .text-wrapper span.title { color: #ffffff; }#ftg-1212 .tile .ftg-social a { color: #ffffff; }#ftg-1212 .tile .caption-block { transition-timing-function:linear; }#ftg-1212 .tile .caption-block { transition-duration:0.25s; }#ftg-1212 .tile .tile-inner:before { background-color: #000000; }#ftg-1212 .tile .tile-inner:before { background-color: rgba(0, 0, 0, 0.8); }<\/style><a name=\"12\"><\/a><div class=\"final-tiles-gallery  ftg-hover-enabled caption-inside  caption-none caption-middle caption-center\" id=\"ftg-1212\" style=\"width: 100%\"><div class='ftg-items'><div class='loading-bar'><i><\/i><\/div><div  class='tile ftg-preload  '><a title=\"dzien_przedszkolaka_2021_1\" data-lightbox='ftg-1212' rel='ftg-1212'  class=' tile-inner  ftg-lightbox' href='https:\/\/spkrauszow.ugnowytarg.pl\/wp-content\/uploads\/2021\/09\/dzien_przedszkolaka_2021_1.jpeg' ><img alt='dzien_przedszkolaka_2021_1' class='item skip-lazy' data-class='item' data-ftg-source='https:\/\/spkrauszow.ugnowytarg.pl\/wp-content\/uploads\/2021\/09\/dzien_przedszkolaka_2021_1.jpeg' src='https:\/\/spkrauszow.ugnowytarg.pl\/wp-content\/uploads\/2021\/09\/dzien_przedszkolaka_2021_1.jpeg' width='1008' height='756' \/><span class='icon fa fa-zoom'><\/span><div class='caption-block'><div class='text-wrapper'><span class='title'>dzien_przedszkolaka_2021_1<\/span><\/div><\/div><\/a><div class='ftg-social'><\/div><\/div><div  class='tile ftg-preload  '><a title=\"dzien_przedszkolaka_2021_2\" data-lightbox='ftg-1212' rel='ftg-1212'  class=' tile-inner  ftg-lightbox' href='https:\/\/spkrauszow.ugnowytarg.pl\/wp-content\/uploads\/2021\/09\/dzien_przedszkolaka_2021_2.jpeg' ><img alt='dzien_przedszkolaka_2021_2' class='item skip-lazy' data-class='item' data-ftg-source='https:\/\/spkrauszow.ugnowytarg.pl\/wp-content\/uploads\/2021\/09\/dzien_przedszkolaka_2021_2.jpeg' src='https:\/\/spkrauszow.ugnowytarg.pl\/wp-content\/uploads\/2021\/09\/dzien_przedszkolaka_2021_2.jpeg' width='1008' height='756' \/><span class='icon fa fa-zoom'><\/span><div class='caption-block'><div class='text-wrapper'><span class='title'>dzien_przedszkolaka_2021_2<\/span><\/div><\/div><\/a><div class='ftg-social'><\/div><\/div><div  class='tile ftg-preload  '><a title=\"dzien_przedszkolaka_2021_3\" data-lightbox='ftg-1212' rel='ftg-1212'  class=' tile-inner  ftg-lightbox' href='https:\/\/spkrauszow.ugnowytarg.pl\/wp-content\/uploads\/2021\/09\/dzien_przedszkolaka_2021_3.jpeg' ><img alt='dzien_przedszkolaka_2021_3' class='item skip-lazy' data-class='item' data-ftg-source='https:\/\/spkrauszow.ugnowytarg.pl\/wp-content\/uploads\/2021\/09\/dzien_przedszkolaka_2021_3.jpeg' src='https:\/\/spkrauszow.ugnowytarg.pl\/wp-content\/uploads\/2021\/09\/dzien_przedszkolaka_2021_3.jpeg' width='756' height='1008' \/><span class='icon fa fa-zoom'><\/span><div class='caption-block'><div class='text-wrapper'><span class='title'>dzien_przedszkolaka_2021_3<\/span><\/div><\/div><\/a><div class='ftg-social'><\/div><\/div><div  class='tile ftg-preload  '><a title=\"dzien_przedszkolaka_2021_4\" data-lightbox='ftg-1212' rel='ftg-1212'  class=' tile-inner  ftg-lightbox' href='https:\/\/spkrauszow.ugnowytarg.pl\/wp-content\/uploads\/2021\/09\/dzien_przedszkolaka_2021_4.jpeg' ><img alt='dzien_przedszkolaka_2021_4' class='item skip-lazy' data-class='item' data-ftg-source='https:\/\/spkrauszow.ugnowytarg.pl\/wp-content\/uploads\/2021\/09\/dzien_przedszkolaka_2021_4.jpeg' src='https:\/\/spkrauszow.ugnowytarg.pl\/wp-content\/uploads\/2021\/09\/dzien_przedszkolaka_2021_4.jpeg' width='756' height='1008' \/><span class='icon fa fa-zoom'><\/span><div class='caption-block'><div class='text-wrapper'><span class='title'>dzien_przedszkolaka_2021_4<\/span><\/div><\/div><\/a><div class='ftg-social'><\/div><\/div><div  class='tile ftg-preload  '><a title=\"dzien_przedszkolaka_2021_5\" data-lightbox='ftg-1212' rel='ftg-1212'  class=' tile-inner  ftg-lightbox' href='https:\/\/spkrauszow.ugnowytarg.pl\/wp-content\/uploads\/2021\/09\/dzien_przedszkolaka_2021_5.jpeg' ><img alt='dzien_przedszkolaka_2021_5' class='item skip-lazy' data-class='item' data-ftg-source='https:\/\/spkrauszow.ugnowytarg.pl\/wp-content\/uploads\/2021\/09\/dzien_przedszkolaka_2021_5.jpeg' src='https:\/\/spkrauszow.ugnowytarg.pl\/wp-content\/uploads\/2021\/09\/dzien_przedszkolaka_2021_5.jpeg' width='756' height='1008' \/><span class='icon fa fa-zoom'><\/span><div class='caption-block'><div class='text-wrapper'><span class='title'>dzien_przedszkolaka_2021_5<\/span><\/div><\/div><\/a><div class='ftg-social'><\/div><\/div><div  class='tile ftg-preload  '><a title=\"dzien_przedszkolaka_2021_6\" data-lightbox='ftg-1212' rel='ftg-1212'  class=' tile-inner  ftg-lightbox' href='https:\/\/spkrauszow.ugnowytarg.pl\/wp-content\/uploads\/2021\/09\/dzien_przedszkolaka_2021_6.jpeg' ><img alt='dzien_przedszkolaka_2021_6' class='item skip-lazy' data-class='item' data-ftg-source='https:\/\/spkrauszow.ugnowytarg.pl\/wp-content\/uploads\/2021\/09\/dzien_przedszkolaka_2021_6.jpeg' src='https:\/\/spkrauszow.ugnowytarg.pl\/wp-content\/uploads\/2021\/09\/dzien_przedszkolaka_2021_6.jpeg' width='756' height='1008' \/><span class='icon fa fa-zoom'><\/span><div class='caption-block'><div class='text-wrapper'><span class='title'>dzien_przedszkolaka_2021_6<\/span><\/div><\/div><\/a><div class='ftg-social'><\/div><\/div><div  class='tile ftg-preload  '><a title=\"dzien_przedszkolaka_2021_7\" data-lightbox='ftg-1212' rel='ftg-1212'  class=' tile-inner  ftg-lightbox' href='https:\/\/spkrauszow.ugnowytarg.pl\/wp-content\/uploads\/2021\/09\/dzien_przedszkolaka_2021_7.jpeg' ><img alt='dzien_przedszkolaka_2021_7' class='item skip-lazy' data-class='item' data-ftg-source='https:\/\/spkrauszow.ugnowytarg.pl\/wp-content\/uploads\/2021\/09\/dzien_przedszkolaka_2021_7.jpeg' src='https:\/\/spkrauszow.ugnowytarg.pl\/wp-content\/uploads\/2021\/09\/dzien_przedszkolaka_2021_7.jpeg' width='1008' height='756' \/><span class='icon fa fa-zoom'><\/span><div class='caption-block'><div class='text-wrapper'><span class='title'>dzien_przedszkolaka_2021_7<\/span><\/div><\/div><\/a><div class='ftg-social'><\/div><\/div><div  class='tile ftg-preload  '><a title=\"dzien_przedszkolaka_2021_8\" data-lightbox='ftg-1212' rel='ftg-1212'  class=' tile-inner  ftg-lightbox' href='https:\/\/spkrauszow.ugnowytarg.pl\/wp-content\/uploads\/2021\/09\/dzien_przedszkolaka_2021_8.jpeg' ><img alt='dzien_przedszkolaka_2021_8' class='item skip-lazy' data-class='item' data-ftg-source='https:\/\/spkrauszow.ugnowytarg.pl\/wp-content\/uploads\/2021\/09\/dzien_przedszkolaka_2021_8.jpeg' src='https:\/\/spkrauszow.ugnowytarg.pl\/wp-content\/uploads\/2021\/09\/dzien_przedszkolaka_2021_8.jpeg' width='756' height='1008' \/><span class='icon fa fa-zoom'><\/span><div class='caption-block'><div class='text-wrapper'><span class='title'>dzien_przedszkolaka_2021_8<\/span><\/div><\/div><\/a><div class='ftg-social'><\/div><\/div><div  class='tile ftg-preload  '><a title=\"dzien_przedszkolaka_2021_9\" data-lightbox='ftg-1212' rel='ftg-1212'  class=' tile-inner  ftg-lightbox' href='https:\/\/spkrauszow.ugnowytarg.pl\/wp-content\/uploads\/2021\/09\/dzien_przedszkolaka_2021_9.jpeg' ><img alt='dzien_przedszkolaka_2021_9' class='item skip-lazy' data-class='item' data-ftg-source='https:\/\/spkrauszow.ugnowytarg.pl\/wp-content\/uploads\/2021\/09\/dzien_przedszkolaka_2021_9.jpeg' src='https:\/\/spkrauszow.ugnowytarg.pl\/wp-content\/uploads\/2021\/09\/dzien_przedszkolaka_2021_9.jpeg' width='756' height='1008' \/><span class='icon fa fa-zoom'><\/span><div class='caption-block'><div class='text-wrapper'><span class='title'>dzien_przedszkolaka_2021_9<\/span><\/div><\/div><\/a><div class='ftg-social'><\/div><\/div><div  class='tile ftg-preload  '><a title=\"dzien_przedszkolaka_2021_10\" data-lightbox='ftg-1212' rel='ftg-1212'  class=' tile-inner  ftg-lightbox' href='https:\/\/spkrauszow.ugnowytarg.pl\/wp-content\/uploads\/2021\/09\/dzien_przedszkolaka_2021_10.jpeg' ><img alt='dzien_przedszkolaka_2021_10' class='item skip-lazy' data-class='item' data-ftg-source='https:\/\/spkrauszow.ugnowytarg.pl\/wp-content\/uploads\/2021\/09\/dzien_przedszkolaka_2021_10.jpeg' src='https:\/\/spkrauszow.ugnowytarg.pl\/wp-content\/uploads\/2021\/09\/dzien_przedszkolaka_2021_10.jpeg' width='756' height='1008' \/><span class='icon fa fa-zoom'><\/span><div class='caption-block'><div class='text-wrapper'><span class='title'>dzien_przedszkolaka_2021_10<\/span><\/div><\/div><\/a><div class='ftg-social'><\/div><\/div><div  class='tile ftg-preload  '><a title=\"dzien_przedszkolaka_2021_11\" data-lightbox='ftg-1212' rel='ftg-1212'  class=' tile-inner  ftg-lightbox' href='https:\/\/spkrauszow.ugnowytarg.pl\/wp-content\/uploads\/2021\/09\/dzien_przedszkolaka_2021_11.jpeg' ><img alt='dzien_przedszkolaka_2021_11' class='item skip-lazy' data-class='item' data-ftg-source='https:\/\/spkrauszow.ugnowytarg.pl\/wp-content\/uploads\/2021\/09\/dzien_przedszkolaka_2021_11.jpeg' src='https:\/\/spkrauszow.ugnowytarg.pl\/wp-content\/uploads\/2021\/09\/dzien_przedszkolaka_2021_11.jpeg' width='1008' height='756' \/><span class='icon fa fa-zoom'><\/span><div class='caption-block'><div class='text-wrapper'><span class='title'>dzien_przedszkolaka_2021_11<\/span><\/div><\/div><\/a><div class='ftg-social'><\/div><\/div><\/div><\/div>\n","protected":false},"excerpt":{"rendered":"<p>21 wrze\u015bnia w naszym oddziale przedszkolnym obchodzili\u015bmy Dzie\u0144 Przedszkolaka . \u015amiechom i zabawom nie by\u0142o ko\u0144ca. Z okazji tak wa\u017cnego dnia \u017cyczymy ma\u0142ym odkrywcom wszystkiego co najlepsze. Id\u017acie przez \u017cycie \u015bmia\u0142o z wysoko podniesion\u0105 g\u0142ow\u0105.<\/p>\n","protected":false},"author":1,"featured_media":0,"comment_status":"open","ping_status":"open","sticky":false,"template":"","format":"standard","meta":[],"categories":[7],"tags":[],"yoast_head":"<!-- This site is optimized with the Yoast SEO plugin v20.4 - https:\/\/yoast.com\/wordpress\/plugins\/seo\/ -->\n<title>Dzie\u0144 Przedszkolaka - SP KRAUSZ\u00d3W<\/title>\n<meta name=\"robots\" content=\"index, follow, max-snippet:-1, max-image-preview:large, max-video-preview:-1\" \/>\n<link rel=\"canonical\" href=\"https:\/\/spkrauszow.ugnowytarg.pl\/index.php\/2021\/09\/21\/dzien-przedszkolaka\/\" \/>\n<meta property=\"og:locale\" content=\"pl_PL\" \/>\n<meta property=\"og:type\" content=\"article\" \/>\n<meta property=\"og:title\" content=\"Dzie\u0144 Przedszkolaka - SP KRAUSZ\u00d3W\" \/>\n<meta property=\"og:description\" content=\"21 wrze\u015bnia w naszym oddziale przedszkolnym obchodzili\u015bmy Dzie\u0144 Przedszkolaka . \u015amiechom i zabawom nie by\u0142o ko\u0144ca. Z okazji tak wa\u017cnego dnia \u017cyczymy ma\u0142ym odkrywcom wszystkiego co najlepsze. Id\u017acie przez \u017cycie \u015bmia\u0142o z wysoko podniesion\u0105 g\u0142ow\u0105.\" \/>\n<meta property=\"og:url\" content=\"https:\/\/spkrauszow.ugnowytarg.pl\/index.php\/2021\/09\/21\/dzien-przedszkolaka\/\" \/>\n<meta property=\"og:site_name\" content=\"SP KRAUSZ\u00d3W\" \/>\n<meta property=\"article:published_time\" content=\"2021-09-21T12:10:47+00:00\" \/>\n<meta property=\"article:modified_time\" content=\"2022-06-04T09:34:18+00:00\" \/>\n<meta name=\"author\" content=\"admin\" \/>\n<meta name=\"twitter:card\" content=\"summary_large_image\" \/>\n<meta name=\"twitter:label1\" content=\"Napisane przez\" \/>\n\t<meta name=\"twitter:data1\" content=\"admin\" \/>\n<script type=\"application\/ld+json\" class=\"yoast-schema-graph\">{\"@context\":\"https:\/\/schema.org\",\"@graph\":[{\"@type\":\"WebPage\",\"@id\":\"https:\/\/spkrauszow.ugnowytarg.pl\/index.php\/2021\/09\/21\/dzien-przedszkolaka\/\",\"url\":\"https:\/\/spkrauszow.ugnowytarg.pl\/index.php\/2021\/09\/21\/dzien-przedszkolaka\/\",\"name\":\"Dzie\u0144 Przedszkolaka - SP KRAUSZ\u00d3W\",\"isPartOf\":{\"@id\":\"https:\/\/spkrauszow.ugnowytarg.pl\/#website\"},\"datePublished\":\"2021-09-21T12:10:47+00:00\",\"dateModified\":\"2022-06-04T09:34:18+00:00\",\"author\":{\"@id\":\"https:\/\/spkrauszow.ugnowytarg.pl\/#\/schema\/person\/0b1c96abf20ea256c90bbb48daf698c4\"},\"breadcrumb\":{\"@id\":\"https:\/\/spkrauszow.ugnowytarg.pl\/index.php\/2021\/09\/21\/dzien-przedszkolaka\/#breadcrumb\"},\"inLanguage\":\"pl-PL\",\"potentialAction\":[{\"@type\":\"ReadAction\",\"target\":[\"https:\/\/spkrauszow.ugnowytarg.pl\/index.php\/2021\/09\/21\/dzien-przedszkolaka\/\"]}]},{\"@type\":\"BreadcrumbList\",\"@id\":\"https:\/\/spkrauszow.ugnowytarg.pl\/index.php\/2021\/09\/21\/dzien-przedszkolaka\/#breadcrumb\",\"itemListElement\":[{\"@type\":\"ListItem\",\"position\":1,\"name\":\"Strona g\u0142\u00f3wna\",\"item\":\"https:\/\/spkrauszow.ugnowytarg.pl\/\"},{\"@type\":\"ListItem\",\"position\":2,\"name\":\"Dzie\u0144 Przedszkolaka\"}]},{\"@type\":\"WebSite\",\"@id\":\"https:\/\/spkrauszow.ugnowytarg.pl\/#website\",\"url\":\"https:\/\/spkrauszow.ugnowytarg.pl\/\",\"name\":\"SP KRAUSZ\u00d3W\",\"description\":\"\",\"potentialAction\":[{\"@type\":\"SearchAction\",\"target\":{\"@type\":\"EntryPoint\",\"urlTemplate\":\"https:\/\/spkrauszow.ugnowytarg.pl\/?s={search_term_string}\"},\"query-input\":\"required name=search_term_string\"}],\"inLanguage\":\"pl-PL\"},{\"@type\":\"Person\",\"@id\":\"https:\/\/spkrauszow.ugnowytarg.pl\/#\/schema\/person\/0b1c96abf20ea256c90bbb48daf698c4\",\"name\":\"admin\",\"image\":{\"@type\":\"ImageObject\",\"inLanguage\":\"pl-PL\",\"@id\":\"https:\/\/spkrauszow.ugnowytarg.pl\/#\/schema\/person\/image\/\",\"url\":\"https:\/\/secure.gravatar.com\/avatar\/422745ea88bd165873c9ef257e6387ed?s=96&d=mm&r=g\",\"contentUrl\":\"https:\/\/secure.gravatar.com\/avatar\/422745ea88bd165873c9ef257e6387ed?s=96&d=mm&r=g\",\"caption\":\"admin\"},\"sameAs\":[\"http:\/\/spkrauszow.ugnowytarg.pl\"],\"url\":\"https:\/\/spkrauszow.ugnowytarg.pl\/index.php\/author\/admin\/\"}]}<\/script>\n<!-- \/ Yoast SEO plugin. -->","yoast_head_json":{"title":"Dzie\u0144 Przedszkolaka - SP KRAUSZ\u00d3W","robots":{"index":"index","follow":"follow","max-snippet":"max-snippet:-1","max-image-preview":"max-image-preview:large","max-video-preview":"max-video-preview:-1"},"canonical":"https:\/\/spkrauszow.ugnowytarg.pl\/index.php\/2021\/09\/21\/dzien-przedszkolaka\/","og_locale":"pl_PL","og_type":"article","og_title":"Dzie\u0144 Przedszkolaka - SP KRAUSZ\u00d3W","og_description":"21 wrze\u015bnia w naszym oddziale przedszkolnym obchodzili\u015bmy Dzie\u0144 Przedszkolaka . \u015amiechom i zabawom nie by\u0142o ko\u0144ca. Z okazji tak wa\u017cnego dnia \u017cyczymy ma\u0142ym odkrywcom wszystkiego co najlepsze. Id\u017acie przez \u017cycie \u015bmia\u0142o z wysoko podniesion\u0105 g\u0142ow\u0105.","og_url":"https:\/\/spkrauszow.ugnowytarg.pl\/index.php\/2021\/09\/21\/dzien-przedszkolaka\/","og_site_name":"SP KRAUSZ\u00d3W","article_published_time":"2021-09-21T12:10:47+00:00","article_modified_time":"2022-06-04T09:34:18+00:00","author":"admin","twitter_card":"summary_large_image","twitter_misc":{"Napisane przez":"admin"},"schema":{"@context":"https:\/\/schema.org","@graph":[{"@type":"WebPage","@id":"https:\/\/spkrauszow.ugnowytarg.pl\/index.php\/2021\/09\/21\/dzien-przedszkolaka\/","url":"https:\/\/spkrauszow.ugnowytarg.pl\/index.php\/2021\/09\/21\/dzien-przedszkolaka\/","name":"Dzie\u0144 Przedszkolaka - SP KRAUSZ\u00d3W","isPartOf":{"@id":"https:\/\/spkrauszow.ugnowytarg.pl\/#website"},"datePublished":"2021-09-21T12:10:47+00:00","dateModified":"2022-06-04T09:34:18+00:00","author":{"@id":"https:\/\/spkrauszow.ugnowytarg.pl\/#\/schema\/person\/0b1c96abf20ea256c90bbb48daf698c4"},"breadcrumb":{"@id":"https:\/\/spkrauszow.ugnowytarg.pl\/index.php\/2021\/09\/21\/dzien-przedszkolaka\/#breadcrumb"},"inLanguage":"pl-PL","potentialAction":[{"@type":"ReadAction","target":["https:\/\/spkrauszow.ugnowytarg.pl\/index.php\/2021\/09\/21\/dzien-przedszkolaka\/"]}]},{"@type":"BreadcrumbList","@id":"https:\/\/spkrauszow.ugnowytarg.pl\/index.php\/2021\/09\/21\/dzien-przedszkolaka\/#breadcrumb","itemListElement":[{"@type":"ListItem","position":1,"name":"Strona g\u0142\u00f3wna","item":"https:\/\/spkrauszow.ugnowytarg.pl\/"},{"@type":"ListItem","position":2,"name":"Dzie\u0144 Przedszkolaka"}]},{"@type":"WebSite","@id":"https:\/\/spkrauszow.ugnowytarg.pl\/#website","url":"https:\/\/spkrauszow.ugnowytarg.pl\/","name":"SP KRAUSZ\u00d3W","description":"","potentialAction":[{"@type":"SearchAction","target":{"@type":"EntryPoint","urlTemplate":"https:\/\/spkrauszow.ugnowytarg.pl\/?s={search_term_string}"},"query-input":"required name=search_term_string"}],"inLanguage":"pl-PL"},{"@type":"Person","@id":"https:\/\/spkrauszow.ugnowytarg.pl\/#\/schema\/person\/0b1c96abf20ea256c90bbb48daf698c4","name":"admin","image":{"@type":"ImageObject","inLanguage":"pl-PL","@id":"https:\/\/spkrauszow.ugnowytarg.pl\/#\/schema\/person\/image\/","url":"https:\/\/secure.gravatar.com\/avatar\/422745ea88bd165873c9ef257e6387ed?s=96&d=mm&r=g","contentUrl":"https:\/\/secure.gravatar.com\/avatar\/422745ea88bd165873c9ef257e6387ed?s=96&d=mm&r=g","caption":"admin"},"sameAs":["http:\/\/spkrauszow.ugnowytarg.pl"],"url":"https:\/\/spkrauszow.ugnowytarg.pl\/index.php\/author\/admin\/"}]}},"jetpack_featured_media_url":"","_links":{"self":[{"href":"https:\/\/spkrauszow.ugnowytarg.pl\/index.php\/wp-json\/wp\/v2\/posts\/717"}],"collection":[{"href":"https:\/\/spkrauszow.ugnowytarg.pl\/index.php\/wp-json\/wp\/v2\/posts"}],"about":[{"href":"https:\/\/spkrauszow.ugnowytarg.pl\/index.php\/wp-json\/wp\/v2\/types\/post"}],"author":[{"embeddable":true,"href":"https:\/\/spkrauszow.ugnowytarg.pl\/index.php\/wp-json\/wp\/v2\/users\/1"}],"replies":[{"embeddable":true,"href":"https:\/\/spkrauszow.ugnowytarg.pl\/index.php\/wp-json\/wp\/v2\/comments?post=717"}],"version-history":[{"count":1,"href":"https:\/\/spkrauszow.ugnowytarg.pl\/index.php\/wp-json\/wp\/v2\/posts\/717\/revisions"}],"predecessor-version":[{"id":729,"href":"https:\/\/spkrauszow.ugnowytarg.pl\/index.php\/wp-json\/wp\/v2\/posts\/717\/revisions\/729"}],"wp:attachment":[{"href":"https:\/\/spkrauszow.ugnowytarg.pl\/index.php\/wp-json\/wp\/v2\/media?parent=717"}],"wp:term":[{"taxonomy":"category","embeddable":true,"href":"https:\/\/spkrauszow.ugnowytarg.pl\/index.php\/wp-json\/wp\/v2\/categories?post=717"},{"taxonomy":"post_tag","embeddable":true,"href":"https:\/\/spkrauszow.ugnowytarg.pl\/index.php\/wp-json\/wp\/v2\/tags?post=717"}],"curies":[{"name":"wp","href":"https:\/\/api.w.org\/{rel}","templated":true}]}}