{"id":5026,"date":"2023-02-27T09:23:29","date_gmt":"2023-02-27T08:23:29","guid":{"rendered":"https:\/\/spkrauszow.ugnowytarg.pl\/?p=5026"},"modified":"2023-02-27T09:23:29","modified_gmt":"2023-02-27T08:23:29","slug":"ogolnopolski-dzien-walki-z-depresja","status":"publish","type":"post","link":"https:\/\/spkrauszow.ugnowytarg.pl\/index.php\/2023\/02\/27\/ogolnopolski-dzien-walki-z-depresja\/","title":{"rendered":"Og\u00f3lnopolski Dzie\u0144 Walki z Depresj\u0105"},"content":{"rendered":"<p lang=\"zxx\" align=\"left\"><span style=\"font-family: Times New Roman, serif;\"><span style=\"font-size: large;\">Dnia 23 lutego obchodzony jest Og\u00f3lnopolski Dzie\u0144 Walki z Depresj\u0105. <\/span><\/span><\/p>\n<p lang=\"zxx\" align=\"left\"><span style=\"font-family: Times New Roman, serif;\"><span style=\"font-size: large;\">My r\u00f3wnie\u017c nie zapomnieli\u015bmy o tak wa\u017cnym dniu i o edukacji prozdrowotnej w tym zakresie. Nasza kadra pedagogiczna przeprowadzi\u0142a zaj\u0119cia profilaktyczne w klasach, oraz gazetk\u0119 dydaktyczno-informacyjn\u0105 dotycz\u0105c\u0105 tak wa\u017cnego tematu jak depresja.<\/span><\/span><\/p>\n<p lang=\"zxx\" align=\"left\"><span style=\"font-family: Times New Roman, serif;\"><span style=\"font-size: large;\">Wed\u0142ug \u015awiatowej Organizacji Zdrowia (WHO) depresja jest czwart\u0105 najpowa\u017cniejsz\u0105 chorob\u0105 na \u015bwiecie i jedn\u0105 z g\u0142\u00f3wnych przyczyn samob\u00f3jstw. Jest chorob\u0105 przewlek\u0142\u0105, nawracaj\u0105c\u0105 i zagra\u017caj\u0105c\u0105 \u017cyciu. Dziecko kt\u00f3re cierpi na depresj\u0119 mo\u017ce by\u0107 traktowane przez najbli\u017csze otoczenie jako leniwe, wiecznie niezadowolone, czy smutne. Rodzice pr\u00f3buj\u0105 motywowa\u0107 swoje dzieci cierpi\u0105ce na depresj\u0119 m\u00f3wi\u0105c: <i><b>&#8222;jakie ty mo\u017cesz mie\u0107 problemy&#8221;, &#8222;nie przesadzaj inni maj\u0105 gorzej&#8221;, &#8222;we\u017a si\u0119 w gar\u015b\u0107&#8221; <\/b><\/i>&#8211; pami\u0119tajmy to nie pomaga tylko szkodzi. <\/span><\/span><\/p>\n<p lang=\"zxx\" align=\"left\"><span style=\"font-family: Times New Roman, serif;\"><span style=\"font-size: large;\">Je\u017celi objawy depresyjne (smutek, przygn\u0119bienie, gorsze samopoczucie, \u017cal, frustracja, p\u0142aczliwo\u015b\u0107) maj\u0105 takie nasilenie, \u017ce utrudniaj\u0105 dziecku codzienne funkcjonowanie w domu, w szkole, w grupie r\u00f3wie\u015bniczej i utrzymuj\u0105 si\u0119 d\u0142u\u017cej ni\u017c dwa tygodnie, nale\u017cy zg\u0142osi\u0107 si\u0119 po fachow\u0105 pomoc<span style=\"color: #666666;\"><span style=\"font-size: medium;\"><b>.<\/b><\/span><\/span><\/span><\/span><\/p>\n<p lang=\"zxx\" align=\"left\"><span style=\"color: #000000;\"> <span style=\"font-family: Times New Roman, serif;\"><span style=\"font-size: large;\"><b>Pomoc dziecku zaczyna si\u0119 od zrozumienia i uznania jego choroby jako powa\u017cnego stanu. <\/b><\/span><\/span><\/span><\/p>\n<p lang=\"zxx\" align=\"left\"><span style=\"font-family: Times New Roman, serif;\"><span style=\"font-size: large;\">Leczeniem depresji zajmuj\u0105 si\u0119 psychiatrzy, lecz pierwszej pomocy udzieli\u0107 mo\u017ce r\u00f3wnie\u017c lekarz podstawowej opieki zdrowotnej, czy psycholog. Pami\u0119tajmy, \u017ce w przypadku szybkiego nasilenia depresji i wyst\u0105pienia my\u015bli samob\u00f3jczych nale\u017cy pilnie zg\u0142osi\u0107 si\u0119 do specjalisty psychiatrii. <\/span><\/span><\/p>\n<p lang=\"zxx\" align=\"left\"><span style=\"font-family: Times New Roman, serif;\"><span style=\"font-size: large;\"><b>Zapraszamy Pa\u0144stwa do obejrzenia wsp\u00f3lnie z dzieckiem kr\u00f3tkiego filmiku, kt\u00f3ry ukazuje istot\u0119 depresji.<\/b><\/span><\/span><\/p>\n<p lang=\"zxx\" align=\"left\"><span style=\"font-family: Times New Roman, serif;\"><span style=\"font-size: large;\"><a href=\"https:\/\/www.youtube.com\/watch?v=rxCb_5UKqOM\">Mia\u0142em czarnego psa wabi\u0142 si\u0119 depresja &#8211; YouTube<\/a> <\/span><\/span><\/p>\n<p lang=\"zxx\" align=\"left\"><span style=\"font-family: Times New Roman, serif;\"><span style=\"font-size: large;\">Z powa\u017caniem <\/span><\/span><\/p>\n<p lang=\"zxx\" align=\"left\"><span style=\"font-family: Times New Roman, serif;\"><span style=\"font-size: large;\">Anna \u017b\u00f3\u0142tek pedagog szkolny<\/span><\/span><\/p>\n<p lang=\"zxx\" align=\"left\"><span style=\"font-family: Times New Roman, serif;\"><span style=\"font-size: large;\">Aleksandra Szuba pedagog specjalny<\/span><\/span><\/p>\n","protected":false},"excerpt":{"rendered":"<p>Dnia 23 lutego obchodzony jest Og\u00f3lnopolski Dzie\u0144 Walki z Depresj\u0105. My r\u00f3wnie\u017c nie zapomnieli\u015bmy o tak wa\u017cnym dniu i o edukacji prozdrowotnej w tym zakresie. Nasza kadra pedagogiczna przeprowadzi\u0142a zaj\u0119cia profilaktyczne w klasach, oraz gazetk\u0119 dydaktyczno-informacyjn\u0105 dotycz\u0105c\u0105 tak wa\u017cnego tematu <a href=\"https:\/\/spkrauszow.ugnowytarg.pl\/index.php\/2023\/02\/27\/ogolnopolski-dzien-walki-z-depresja\/\" class=\"read-more\">Czytaj wi\u0119cej &#8230;<\/a><\/p>\n","protected":false},"author":1,"featured_media":0,"comment_status":"closed","ping_status":"open","sticky":false,"template":"","format":"standard","meta":[],"categories":[24],"tags":[],"yoast_head":"<!-- This site is optimized with the Yoast SEO plugin v20.4 - https:\/\/yoast.com\/wordpress\/plugins\/seo\/ -->\n<title>Og\u00f3lnopolski Dzie\u0144 Walki z Depresj\u0105 - SP KRAUSZ\u00d3W<\/title>\n<meta name=\"robots\" content=\"index, follow, max-snippet:-1, max-image-preview:large, max-video-preview:-1\" \/>\n<link rel=\"canonical\" href=\"https:\/\/spkrauszow.ugnowytarg.pl\/index.php\/2023\/02\/27\/ogolnopolski-dzien-walki-z-depresja\/\" \/>\n<meta property=\"og:locale\" content=\"pl_PL\" \/>\n<meta property=\"og:type\" content=\"article\" \/>\n<meta property=\"og:title\" content=\"Og\u00f3lnopolski Dzie\u0144 Walki z Depresj\u0105 - SP KRAUSZ\u00d3W\" \/>\n<meta property=\"og:description\" content=\"Dnia 23 lutego obchodzony jest Og\u00f3lnopolski Dzie\u0144 Walki z Depresj\u0105. My r\u00f3wnie\u017c nie zapomnieli\u015bmy o tak wa\u017cnym dniu i o edukacji prozdrowotnej w tym zakresie. Nasza kadra pedagogiczna przeprowadzi\u0142a zaj\u0119cia profilaktyczne w klasach, oraz gazetk\u0119 dydaktyczno-informacyjn\u0105 dotycz\u0105c\u0105 tak wa\u017cnego tematu Czytaj wi\u0119cej ...\" \/>\n<meta property=\"og:url\" content=\"https:\/\/spkrauszow.ugnowytarg.pl\/index.php\/2023\/02\/27\/ogolnopolski-dzien-walki-z-depresja\/\" \/>\n<meta property=\"og:site_name\" content=\"SP KRAUSZ\u00d3W\" \/>\n<meta property=\"article:published_time\" content=\"2023-02-27T08:23:29+00:00\" \/>\n<meta name=\"author\" content=\"admin\" \/>\n<meta name=\"twitter:card\" content=\"summary_large_image\" \/>\n<meta name=\"twitter:label1\" content=\"Napisane przez\" \/>\n\t<meta name=\"twitter:data1\" content=\"admin\" \/>\n\t<meta name=\"twitter:label2\" content=\"Szacowany czas czytania\" \/>\n\t<meta name=\"twitter:data2\" content=\"2 minuty\" \/>\n<script type=\"application\/ld+json\" class=\"yoast-schema-graph\">{\"@context\":\"https:\/\/schema.org\",\"@graph\":[{\"@type\":\"WebPage\",\"@id\":\"https:\/\/spkrauszow.ugnowytarg.pl\/index.php\/2023\/02\/27\/ogolnopolski-dzien-walki-z-depresja\/\",\"url\":\"https:\/\/spkrauszow.ugnowytarg.pl\/index.php\/2023\/02\/27\/ogolnopolski-dzien-walki-z-depresja\/\",\"name\":\"Og\u00f3lnopolski Dzie\u0144 Walki z Depresj\u0105 - SP KRAUSZ\u00d3W\",\"isPartOf\":{\"@id\":\"https:\/\/spkrauszow.ugnowytarg.pl\/#website\"},\"datePublished\":\"2023-02-27T08:23:29+00:00\",\"dateModified\":\"2023-02-27T08:23:29+00:00\",\"author\":{\"@id\":\"https:\/\/spkrauszow.ugnowytarg.pl\/#\/schema\/person\/0b1c96abf20ea256c90bbb48daf698c4\"},\"breadcrumb\":{\"@id\":\"https:\/\/spkrauszow.ugnowytarg.pl\/index.php\/2023\/02\/27\/ogolnopolski-dzien-walki-z-depresja\/#breadcrumb\"},\"inLanguage\":\"pl-PL\",\"potentialAction\":[{\"@type\":\"ReadAction\",\"target\":[\"https:\/\/spkrauszow.ugnowytarg.pl\/index.php\/2023\/02\/27\/ogolnopolski-dzien-walki-z-depresja\/\"]}]},{\"@type\":\"BreadcrumbList\",\"@id\":\"https:\/\/spkrauszow.ugnowytarg.pl\/index.php\/2023\/02\/27\/ogolnopolski-dzien-walki-z-depresja\/#breadcrumb\",\"itemListElement\":[{\"@type\":\"ListItem\",\"position\":1,\"name\":\"Strona g\u0142\u00f3wna\",\"item\":\"https:\/\/spkrauszow.ugnowytarg.pl\/\"},{\"@type\":\"ListItem\",\"position\":2,\"name\":\"Og\u00f3lnopolski Dzie\u0144 Walki z Depresj\u0105\"}]},{\"@type\":\"WebSite\",\"@id\":\"https:\/\/spkrauszow.ugnowytarg.pl\/#website\",\"url\":\"https:\/\/spkrauszow.ugnowytarg.pl\/\",\"name\":\"SP KRAUSZ\u00d3W\",\"description\":\"\",\"potentialAction\":[{\"@type\":\"SearchAction\",\"target\":{\"@type\":\"EntryPoint\",\"urlTemplate\":\"https:\/\/spkrauszow.ugnowytarg.pl\/?s={search_term_string}\"},\"query-input\":\"required name=search_term_string\"}],\"inLanguage\":\"pl-PL\"},{\"@type\":\"Person\",\"@id\":\"https:\/\/spkrauszow.ugnowytarg.pl\/#\/schema\/person\/0b1c96abf20ea256c90bbb48daf698c4\",\"name\":\"admin\",\"image\":{\"@type\":\"ImageObject\",\"inLanguage\":\"pl-PL\",\"@id\":\"https:\/\/spkrauszow.ugnowytarg.pl\/#\/schema\/person\/image\/\",\"url\":\"https:\/\/secure.gravatar.com\/avatar\/422745ea88bd165873c9ef257e6387ed?s=96&d=mm&r=g\",\"contentUrl\":\"https:\/\/secure.gravatar.com\/avatar\/422745ea88bd165873c9ef257e6387ed?s=96&d=mm&r=g\",\"caption\":\"admin\"},\"sameAs\":[\"http:\/\/spkrauszow.ugnowytarg.pl\"],\"url\":\"https:\/\/spkrauszow.ugnowytarg.pl\/index.php\/author\/admin\/\"}]}<\/script>\n<!-- \/ Yoast SEO plugin. -->","yoast_head_json":{"title":"Og\u00f3lnopolski Dzie\u0144 Walki z Depresj\u0105 - SP KRAUSZ\u00d3W","robots":{"index":"index","follow":"follow","max-snippet":"max-snippet:-1","max-image-preview":"max-image-preview:large","max-video-preview":"max-video-preview:-1"},"canonical":"https:\/\/spkrauszow.ugnowytarg.pl\/index.php\/2023\/02\/27\/ogolnopolski-dzien-walki-z-depresja\/","og_locale":"pl_PL","og_type":"article","og_title":"Og\u00f3lnopolski Dzie\u0144 Walki z Depresj\u0105 - SP KRAUSZ\u00d3W","og_description":"Dnia 23 lutego obchodzony jest Og\u00f3lnopolski Dzie\u0144 Walki z Depresj\u0105. My r\u00f3wnie\u017c nie zapomnieli\u015bmy o tak wa\u017cnym dniu i o edukacji prozdrowotnej w tym zakresie. Nasza kadra pedagogiczna przeprowadzi\u0142a zaj\u0119cia profilaktyczne w klasach, oraz gazetk\u0119 dydaktyczno-informacyjn\u0105 dotycz\u0105c\u0105 tak wa\u017cnego tematu Czytaj wi\u0119cej ...","og_url":"https:\/\/spkrauszow.ugnowytarg.pl\/index.php\/2023\/02\/27\/ogolnopolski-dzien-walki-z-depresja\/","og_site_name":"SP KRAUSZ\u00d3W","article_published_time":"2023-02-27T08:23:29+00:00","author":"admin","twitter_card":"summary_large_image","twitter_misc":{"Napisane przez":"admin","Szacowany czas czytania":"2 minuty"},"schema":{"@context":"https:\/\/schema.org","@graph":[{"@type":"WebPage","@id":"https:\/\/spkrauszow.ugnowytarg.pl\/index.php\/2023\/02\/27\/ogolnopolski-dzien-walki-z-depresja\/","url":"https:\/\/spkrauszow.ugnowytarg.pl\/index.php\/2023\/02\/27\/ogolnopolski-dzien-walki-z-depresja\/","name":"Og\u00f3lnopolski Dzie\u0144 Walki z Depresj\u0105 - SP KRAUSZ\u00d3W","isPartOf":{"@id":"https:\/\/spkrauszow.ugnowytarg.pl\/#website"},"datePublished":"2023-02-27T08:23:29+00:00","dateModified":"2023-02-27T08:23:29+00:00","author":{"@id":"https:\/\/spkrauszow.ugnowytarg.pl\/#\/schema\/person\/0b1c96abf20ea256c90bbb48daf698c4"},"breadcrumb":{"@id":"https:\/\/spkrauszow.ugnowytarg.pl\/index.php\/2023\/02\/27\/ogolnopolski-dzien-walki-z-depresja\/#breadcrumb"},"inLanguage":"pl-PL","potentialAction":[{"@type":"ReadAction","target":["https:\/\/spkrauszow.ugnowytarg.pl\/index.php\/2023\/02\/27\/ogolnopolski-dzien-walki-z-depresja\/"]}]},{"@type":"BreadcrumbList","@id":"https:\/\/spkrauszow.ugnowytarg.pl\/index.php\/2023\/02\/27\/ogolnopolski-dzien-walki-z-depresja\/#breadcrumb","itemListElement":[{"@type":"ListItem","position":1,"name":"Strona g\u0142\u00f3wna","item":"https:\/\/spkrauszow.ugnowytarg.pl\/"},{"@type":"ListItem","position":2,"name":"Og\u00f3lnopolski Dzie\u0144 Walki z Depresj\u0105"}]},{"@type":"WebSite","@id":"https:\/\/spkrauszow.ugnowytarg.pl\/#website","url":"https:\/\/spkrauszow.ugnowytarg.pl\/","name":"SP KRAUSZ\u00d3W","description":"","potentialAction":[{"@type":"SearchAction","target":{"@type":"EntryPoint","urlTemplate":"https:\/\/spkrauszow.ugnowytarg.pl\/?s={search_term_string}"},"query-input":"required name=search_term_string"}],"inLanguage":"pl-PL"},{"@type":"Person","@id":"https:\/\/spkrauszow.ugnowytarg.pl\/#\/schema\/person\/0b1c96abf20ea256c90bbb48daf698c4","name":"admin","image":{"@type":"ImageObject","inLanguage":"pl-PL","@id":"https:\/\/spkrauszow.ugnowytarg.pl\/#\/schema\/person\/image\/","url":"https:\/\/secure.gravatar.com\/avatar\/422745ea88bd165873c9ef257e6387ed?s=96&d=mm&r=g","contentUrl":"https:\/\/secure.gravatar.com\/avatar\/422745ea88bd165873c9ef257e6387ed?s=96&d=mm&r=g","caption":"admin"},"sameAs":["http:\/\/spkrauszow.ugnowytarg.pl"],"url":"https:\/\/spkrauszow.ugnowytarg.pl\/index.php\/author\/admin\/"}]}},"jetpack_featured_media_url":"","_links":{"self":[{"href":"https:\/\/spkrauszow.ugnowytarg.pl\/index.php\/wp-json\/wp\/v2\/posts\/5026"}],"collection":[{"href":"https:\/\/spkrauszow.ugnowytarg.pl\/index.php\/wp-json\/wp\/v2\/posts"}],"about":[{"href":"https:\/\/spkrauszow.ugnowytarg.pl\/index.php\/wp-json\/wp\/v2\/types\/post"}],"author":[{"embeddable":true,"href":"https:\/\/spkrauszow.ugnowytarg.pl\/index.php\/wp-json\/wp\/v2\/users\/1"}],"replies":[{"embeddable":true,"href":"https:\/\/spkrauszow.ugnowytarg.pl\/index.php\/wp-json\/wp\/v2\/comments?post=5026"}],"version-history":[{"count":1,"href":"https:\/\/spkrauszow.ugnowytarg.pl\/index.php\/wp-json\/wp\/v2\/posts\/5026\/revisions"}],"predecessor-version":[{"id":5027,"href":"https:\/\/spkrauszow.ugnowytarg.pl\/index.php\/wp-json\/wp\/v2\/posts\/5026\/revisions\/5027"}],"wp:attachment":[{"href":"https:\/\/spkrauszow.ugnowytarg.pl\/index.php\/wp-json\/wp\/v2\/media?parent=5026"}],"wp:term":[{"taxonomy":"category","embeddable":true,"href":"https:\/\/spkrauszow.ugnowytarg.pl\/index.php\/wp-json\/wp\/v2\/categories?post=5026"},{"taxonomy":"post_tag","embeddable":true,"href":"https:\/\/spkrauszow.ugnowytarg.pl\/index.php\/wp-json\/wp\/v2\/tags?post=5026"}],"curies":[{"name":"wp","href":"https:\/\/api.w.org\/{rel}","templated":true}]}}