{"id":14688,"date":"2026-04-29T17:27:16","date_gmt":"2026-04-29T15:27:16","guid":{"rendered":"https:\/\/spkrauszow.ugnowytarg.pl\/?p=14688"},"modified":"2026-04-29T17:27:16","modified_gmt":"2026-04-29T15:27:16","slug":"wycieczka-klas-v-i-vi-do-nowego-targu","status":"publish","type":"post","link":"https:\/\/spkrauszow.ugnowytarg.pl\/index.php\/2026\/04\/29\/wycieczka-klas-v-i-vi-do-nowego-targu\/","title":{"rendered":"Wycieczka klas V i VI do Nowego Targu"},"content":{"rendered":"<p align=\"justify\">23\u00a0kwietnia uczniowie klas V\u00a0i\u00a0VI\u00a0pod\u00a0opiek\u0105 P. Kingi oraz P. Heleny wyruszyli na\u00a0wycieczk\u0119 do\u00a0stolicy Podhala. Pierwszym punktem programu by\u0142 spacer po\u00a0parku miejskim, gdzie dzieci mog\u0142y aktywnie sp\u0119dzi\u0107 czas na\u00a0\u015bwie\u017cym powietrzu, nacieszy\u0107 si\u0119 wiosennym s\u0142o\u0144cem oraz skosztowa\u0107 lod\u00f3w.<\/p>\n<p align=\"justify\">Kolejnym etapem wyjazdu by\u0142o zwiedzanie Muzeum Podhala\u0144skiego im.\u00a0Czes\u0142awa Pajerskiego. Uczniowie obejrzeli ekspozycj\u0119 prezentuj\u0105c\u0105 tradycyjne rzemios\u0142o z\u00a0prze\u0142omu XIX\u00a0i\u00a0XX\u00a0wieku, w\u00a0tym kowalstwo, kapelusznictwo i\u00a0bednarstwo. Mieli okazj\u0119 zobaczy\u0107 dawne narz\u0119dzia, stroje oraz przedmioty codziennego u\u017cytku charakterystyczne dla\u00a0kultury regionu.<\/p>\n<p align=\"justify\">Na zako\u0144czenie uczestnicy wycieczki obejrzeli w\u00a0MCK spektakl \u201eTajemniczy ogr\u00f3d\u201d w wykonaniu Teatru Nowoczesnego z\u00a0Wroc\u0142awia. Przedstawienie, b\u0119d\u0105ce adaptacj\u0105 powie\u015bci Frances Hodgson Burnett, opowiada\u0142o histori\u0119 Mary Lennox \u2013 dziewczynki, kt\u00f3ra po\u00a0stracie rodzic\u00f3w trafia do\u00a0ponurej posiad\u0142o\u015bci swojego wuja. Z\u00a0czasem odkrywa zapomniany ogr\u00f3d i\u00a0wraz z\u00a0nowo poznanymi przyjaci\u00f3\u0142mi przywraca go do\u00a0\u017cycia. Opowie\u015b\u0107 ukazuje przemian\u0119 bohaterki oraz podkre\u015bla znaczenie przyja\u017ani, natury i\u00a0troski o\u00a0innych.<\/p>\n<p align=\"justify\">Wycieczka dostarczy\u0142a uczniom wielu wra\u017ce\u0144 i\u00a0cennych do\u015bwiadcze\u0144. By\u0142a doskona\u0142\u0105 okazj\u0105 do\u00a0nauki poprzez kontakt z\u00a0kultur\u0105, histori\u0105 i\u00a0sztuk\u0105 teatraln\u0105, a\u00a0tak\u017ce do\u00a0wsp\u00f3lnego sp\u0119dzenia czasu w\u00a0przyjaznej atmosferze.<\/p>\n<p style=\"text-align: right;\" align=\"justify\"><span style=\"font-size: 10pt;\">Autor tekstu: Helena \u015aredniawa<\/span><\/p>\n<p align=\"justify\"><!-- Final Tiles Grid Gallery for WordPress v3.6.13 free --><style>#ftg-397397 .tile .icon { color:#ffffff; }#ftg-397397 .ftg-items .loading-bar i { background:#666; }#ftg-397397 .ftg-items .loading-bar { background:#fff; }#ftg-397397 .tile .icon { font-size:12px; }#ftg-397397 .tile .icon { margin: -6px 0 0 -6px; }#ftg-397397 .tile .caption-block .text-wrapper span.text { font-size:12px; }#ftg-397397 .tile .caption-outside .text-wrapper span.text { font-size:12px; }#ftg-397397 .tile .caption-block .text-wrapper span.title { font-size:14px; }#ftg-397397 .tile .caption-outside .text-wrapper span.title { font-size:14px; }#ftg-397397 .tile { background-color: transparent; }#ftg-397397 .tile .caption-block .text-wrapper span.text { color: #ffffff; }#ftg-397397 .tile .caption-block .text-wrapper span.title { color: #ffffff; }#ftg-397397 .tile .caption-outside .text-wrapper span.text { color: #ffffff; }#ftg-397397 .tile .caption-outside .text-wrapper span.title { color: #ffffff; }#ftg-397397 .tile .ftg-social a { color: #ffffff; }#ftg-397397 .tile .caption-block { transition-timing-function:linear; }#ftg-397397 .tile .caption-block { transition-duration:0.25s; }#ftg-397397 .tile .tile-inner:before { background-color: #000000; }#ftg-397397 .tile .tile-inner:before { background-color: rgba(0, 0, 0, 0.8); }<\/style><a name=\"397\"><\/a><div class=\"final-tiles-gallery  ftg-hover-enabled caption-inside  caption-none caption-middle caption-center\" id=\"ftg-397397\" style=\"width: 100%\"><div class='ftg-items'><div class='loading-bar'><i><\/i><\/div><div  class='tile ftg-preload  '><a title=\"Wycieczka-klas-5i6-do-Nowego-Targu-2026_1\" data-lightbox='ftg-397397' rel='ftg-397397'  class=' tile-inner  ftg-lightbox' href='https:\/\/spkrauszow.ugnowytarg.pl\/wp-content\/uploads\/2026\/04\/Wycieczka-klas-5i6-do-Nowego-Targu-2026_1-766x1024.jpeg' ><img alt='Uczniowie klas V i VI przed Ratuszem w Nowym Targu \u2013 pami\u0105tkowe zdj\u0119cie z wycieczki.' class='item skip-lazy' data-class='item' data-ftg-source='http:\/\/spkrauszow.ugnowytarg.pl\/wp-content\/uploads\/2026\/04\/Wycieczka-klas-5i6-do-Nowego-Targu-2026_1-766x1024.jpeg' src='http:\/\/spkrauszow.ugnowytarg.pl\/wp-content\/uploads\/2026\/04\/Wycieczka-klas-5i6-do-Nowego-Targu-2026_1-766x1024.jpeg' width='919' height='1229' \/><span class='icon fa fa-zoom'><\/span><div class='caption-block'><div class='text-wrapper'><span class='title'>Wycieczka-klas-5i6-do-Nowego-Targu-2026_1<\/span><\/div><\/div><\/a><div class='ftg-social'><\/div><\/div><div  class='tile ftg-preload  '><a title=\"Wycieczka-klas-5i6-do-Nowego-Targu-2026_2\" data-lightbox='ftg-397397' rel='ftg-397397'  class=' tile-inner  ftg-lightbox' href='https:\/\/spkrauszow.ugnowytarg.pl\/wp-content\/uploads\/2026\/04\/Wycieczka-klas-5i6-do-Nowego-Targu-2026_2-1024x461.jpeg' ><img alt='Chwila odpoczynku w Parku Miejskim \u2013 pi\u0105to- i sz\u00f3stoklasi\u015bci podczas wsp\u00f3lnego wyj\u015bcia na lody.' class='item skip-lazy' data-class='item' data-ftg-source='http:\/\/spkrauszow.ugnowytarg.pl\/wp-content\/uploads\/2026\/04\/Wycieczka-klas-5i6-do-Nowego-Targu-2026_2-1024x461.jpeg' src='http:\/\/spkrauszow.ugnowytarg.pl\/wp-content\/uploads\/2026\/04\/Wycieczka-klas-5i6-do-Nowego-Targu-2026_2-1024x461.jpeg' width='1229' height='553' \/><span class='icon fa fa-zoom'><\/span><div class='caption-block'><div class='text-wrapper'><span class='title'>Wycieczka-klas-5i6-do-Nowego-Targu-2026_2<\/span><\/div><\/div><\/a><div class='ftg-social'><\/div><\/div><div  class='tile ftg-preload  '><a title=\"Wycieczka-klas-5i6-do-Nowego-Targu-2026_3\" data-lightbox='ftg-397397' rel='ftg-397397'  class=' tile-inner  ftg-lightbox' href='https:\/\/spkrauszow.ugnowytarg.pl\/wp-content\/uploads\/2026\/04\/Wycieczka-klas-5i6-do-Nowego-Targu-2026_3-766x1024.jpeg' ><img alt='Zwiedzanie Muzeum Podhala\u0144skiego \u2013 uczniowie poznaj\u0105 histori\u0119 i kultur\u0119 regionu.' class='item skip-lazy' data-class='item' data-ftg-source='http:\/\/spkrauszow.ugnowytarg.pl\/wp-content\/uploads\/2026\/04\/Wycieczka-klas-5i6-do-Nowego-Targu-2026_3-766x1024.jpeg' src='http:\/\/spkrauszow.ugnowytarg.pl\/wp-content\/uploads\/2026\/04\/Wycieczka-klas-5i6-do-Nowego-Targu-2026_3-766x1024.jpeg' width='919' height='1229' \/><span class='icon fa fa-zoom'><\/span><div class='caption-block'><div class='text-wrapper'><span class='title'>Wycieczka-klas-5i6-do-Nowego-Targu-2026_3<\/span><\/div><\/div><\/a><div class='ftg-social'><\/div><\/div><div  class='tile ftg-preload  '><a title=\"Wycieczka-klas-5i6-do-Nowego-Targu-2026_4\" data-lightbox='ftg-397397' rel='ftg-397397'  class=' tile-inner  ftg-lightbox' href='https:\/\/spkrauszow.ugnowytarg.pl\/wp-content\/uploads\/2026\/04\/Wycieczka-klas-5i6-do-Nowego-Targu-2026_4-768x1024.jpeg' ><img alt='Uczniowie nagrodzeni za uwa\u017cne s\u0142uchanie pani przewodnik podczas zwiedzania muzeum.' class='item skip-lazy' data-class='item' data-ftg-source='http:\/\/spkrauszow.ugnowytarg.pl\/wp-content\/uploads\/2026\/04\/Wycieczka-klas-5i6-do-Nowego-Targu-2026_4-768x1024.jpeg' src='http:\/\/spkrauszow.ugnowytarg.pl\/wp-content\/uploads\/2026\/04\/Wycieczka-klas-5i6-do-Nowego-Targu-2026_4-768x1024.jpeg' width='922' height='1229' \/><span class='icon fa fa-zoom'><\/span><div class='caption-block'><div class='text-wrapper'><span class='title'>Wycieczka-klas-5i6-do-Nowego-Targu-2026_4<\/span><\/div><\/div><\/a><div class='ftg-social'><\/div><\/div><\/div><\/div><\/p>\n","protected":false},"excerpt":{"rendered":"<p>23\u00a0kwietnia uczniowie klas V\u00a0i\u00a0VI\u00a0pod\u00a0opiek\u0105 P. Kingi oraz P. Heleny wyruszyli na\u00a0wycieczk\u0119 do\u00a0stolicy Podhala. Pierwszym punktem programu by\u0142 spacer po\u00a0parku miejskim, gdzie dzieci mog\u0142y aktywnie sp\u0119dzi\u0107 czas na\u00a0\u015bwie\u017cym powietrzu, nacieszy\u0107 si\u0119 wiosennym s\u0142o\u0144cem oraz skosztowa\u0107 lod\u00f3w. Kolejnym etapem wyjazdu by\u0142o zwiedzanie <a href=\"https:\/\/spkrauszow.ugnowytarg.pl\/index.php\/2026\/04\/29\/wycieczka-klas-v-i-vi-do-nowego-targu\/\" class=\"read-more\">Czytaj wi\u0119cej &#8230;<\/a><\/p>\n","protected":false},"author":1,"featured_media":14690,"comment_status":"closed","ping_status":"open","sticky":false,"template":"","format":"standard","meta":[],"categories":[43],"tags":[],"yoast_head":"<!-- This site is optimized with the Yoast SEO plugin v20.4 - https:\/\/yoast.com\/wordpress\/plugins\/seo\/ -->\n<title>Wycieczka klas V i VI do Nowego Targu - SP KRAUSZ\u00d3W<\/title>\n<meta name=\"robots\" content=\"index, follow, max-snippet:-1, max-image-preview:large, max-video-preview:-1\" \/>\n<link rel=\"canonical\" href=\"https:\/\/spkrauszow.ugnowytarg.pl\/index.php\/2026\/04\/29\/wycieczka-klas-v-i-vi-do-nowego-targu\/\" \/>\n<meta property=\"og:locale\" content=\"pl_PL\" \/>\n<meta property=\"og:type\" content=\"article\" \/>\n<meta property=\"og:title\" content=\"Wycieczka klas V i VI do Nowego Targu - SP KRAUSZ\u00d3W\" \/>\n<meta property=\"og:description\" content=\"23\u00a0kwietnia uczniowie klas V\u00a0i\u00a0VI\u00a0pod\u00a0opiek\u0105 P. Kingi oraz P. Heleny wyruszyli na\u00a0wycieczk\u0119 do\u00a0stolicy Podhala. Pierwszym punktem programu by\u0142 spacer po\u00a0parku miejskim, gdzie dzieci mog\u0142y aktywnie sp\u0119dzi\u0107 czas na\u00a0\u015bwie\u017cym powietrzu, nacieszy\u0107 si\u0119 wiosennym s\u0142o\u0144cem oraz skosztowa\u0107 lod\u00f3w. Kolejnym etapem wyjazdu by\u0142o zwiedzanie Czytaj wi\u0119cej ...\" \/>\n<meta property=\"og:url\" content=\"https:\/\/spkrauszow.ugnowytarg.pl\/index.php\/2026\/04\/29\/wycieczka-klas-v-i-vi-do-nowego-targu\/\" \/>\n<meta property=\"og:site_name\" content=\"SP KRAUSZ\u00d3W\" \/>\n<meta property=\"article:published_time\" content=\"2026-04-29T15:27:16+00:00\" \/>\n<meta property=\"og:image\" content=\"http:\/\/spkrauszow.ugnowytarg.pl\/wp-content\/uploads\/2026\/04\/Wycieczka-klas-5i6-do-Nowego-Targu-2026_2.jpeg\" \/>\n\t<meta property=\"og:image:width\" content=\"1229\" \/>\n\t<meta property=\"og:image:height\" content=\"553\" \/>\n\t<meta property=\"og:image:type\" content=\"image\/jpeg\" \/>\n<meta name=\"author\" content=\"admin\" \/>\n<meta name=\"twitter:card\" content=\"summary_large_image\" \/>\n<meta name=\"twitter:label1\" content=\"Napisane przez\" \/>\n\t<meta name=\"twitter:data1\" content=\"admin\" \/>\n\t<meta name=\"twitter:label2\" content=\"Szacowany czas czytania\" \/>\n\t<meta name=\"twitter:data2\" content=\"2 minuty\" \/>\n<script type=\"application\/ld+json\" class=\"yoast-schema-graph\">{\"@context\":\"https:\/\/schema.org\",\"@graph\":[{\"@type\":\"WebPage\",\"@id\":\"https:\/\/spkrauszow.ugnowytarg.pl\/index.php\/2026\/04\/29\/wycieczka-klas-v-i-vi-do-nowego-targu\/\",\"url\":\"https:\/\/spkrauszow.ugnowytarg.pl\/index.php\/2026\/04\/29\/wycieczka-klas-v-i-vi-do-nowego-targu\/\",\"name\":\"Wycieczka klas V i VI do Nowego Targu - SP KRAUSZ\u00d3W\",\"isPartOf\":{\"@id\":\"https:\/\/spkrauszow.ugnowytarg.pl\/#website\"},\"datePublished\":\"2026-04-29T15:27:16+00:00\",\"dateModified\":\"2026-04-29T15:27:16+00:00\",\"author\":{\"@id\":\"https:\/\/spkrauszow.ugnowytarg.pl\/#\/schema\/person\/0b1c96abf20ea256c90bbb48daf698c4\"},\"breadcrumb\":{\"@id\":\"https:\/\/spkrauszow.ugnowytarg.pl\/index.php\/2026\/04\/29\/wycieczka-klas-v-i-vi-do-nowego-targu\/#breadcrumb\"},\"inLanguage\":\"pl-PL\",\"potentialAction\":[{\"@type\":\"ReadAction\",\"target\":[\"https:\/\/spkrauszow.ugnowytarg.pl\/index.php\/2026\/04\/29\/wycieczka-klas-v-i-vi-do-nowego-targu\/\"]}]},{\"@type\":\"BreadcrumbList\",\"@id\":\"https:\/\/spkrauszow.ugnowytarg.pl\/index.php\/2026\/04\/29\/wycieczka-klas-v-i-vi-do-nowego-targu\/#breadcrumb\",\"itemListElement\":[{\"@type\":\"ListItem\",\"position\":1,\"name\":\"Strona g\u0142\u00f3wna\",\"item\":\"https:\/\/spkrauszow.ugnowytarg.pl\/\"},{\"@type\":\"ListItem\",\"position\":2,\"name\":\"Wycieczka klas V i VI do Nowego Targu\"}]},{\"@type\":\"WebSite\",\"@id\":\"https:\/\/spkrauszow.ugnowytarg.pl\/#website\",\"url\":\"https:\/\/spkrauszow.ugnowytarg.pl\/\",\"name\":\"SP KRAUSZ\u00d3W\",\"description\":\"\",\"potentialAction\":[{\"@type\":\"SearchAction\",\"target\":{\"@type\":\"EntryPoint\",\"urlTemplate\":\"https:\/\/spkrauszow.ugnowytarg.pl\/?s={search_term_string}\"},\"query-input\":\"required name=search_term_string\"}],\"inLanguage\":\"pl-PL\"},{\"@type\":\"Person\",\"@id\":\"https:\/\/spkrauszow.ugnowytarg.pl\/#\/schema\/person\/0b1c96abf20ea256c90bbb48daf698c4\",\"name\":\"admin\",\"image\":{\"@type\":\"ImageObject\",\"inLanguage\":\"pl-PL\",\"@id\":\"https:\/\/spkrauszow.ugnowytarg.pl\/#\/schema\/person\/image\/\",\"url\":\"https:\/\/secure.gravatar.com\/avatar\/422745ea88bd165873c9ef257e6387ed?s=96&d=mm&r=g\",\"contentUrl\":\"https:\/\/secure.gravatar.com\/avatar\/422745ea88bd165873c9ef257e6387ed?s=96&d=mm&r=g\",\"caption\":\"admin\"},\"sameAs\":[\"http:\/\/spkrauszow.ugnowytarg.pl\"],\"url\":\"https:\/\/spkrauszow.ugnowytarg.pl\/index.php\/author\/admin\/\"}]}<\/script>\n<!-- \/ Yoast SEO plugin. -->","yoast_head_json":{"title":"Wycieczka klas V i VI do Nowego Targu - SP KRAUSZ\u00d3W","robots":{"index":"index","follow":"follow","max-snippet":"max-snippet:-1","max-image-preview":"max-image-preview:large","max-video-preview":"max-video-preview:-1"},"canonical":"https:\/\/spkrauszow.ugnowytarg.pl\/index.php\/2026\/04\/29\/wycieczka-klas-v-i-vi-do-nowego-targu\/","og_locale":"pl_PL","og_type":"article","og_title":"Wycieczka klas V i VI do Nowego Targu - SP KRAUSZ\u00d3W","og_description":"23\u00a0kwietnia uczniowie klas V\u00a0i\u00a0VI\u00a0pod\u00a0opiek\u0105 P. Kingi oraz P. Heleny wyruszyli na\u00a0wycieczk\u0119 do\u00a0stolicy Podhala. Pierwszym punktem programu by\u0142 spacer po\u00a0parku miejskim, gdzie dzieci mog\u0142y aktywnie sp\u0119dzi\u0107 czas na\u00a0\u015bwie\u017cym powietrzu, nacieszy\u0107 si\u0119 wiosennym s\u0142o\u0144cem oraz skosztowa\u0107 lod\u00f3w. Kolejnym etapem wyjazdu by\u0142o zwiedzanie Czytaj wi\u0119cej ...","og_url":"https:\/\/spkrauszow.ugnowytarg.pl\/index.php\/2026\/04\/29\/wycieczka-klas-v-i-vi-do-nowego-targu\/","og_site_name":"SP KRAUSZ\u00d3W","article_published_time":"2026-04-29T15:27:16+00:00","og_image":[{"width":1229,"height":553,"url":"http:\/\/spkrauszow.ugnowytarg.pl\/wp-content\/uploads\/2026\/04\/Wycieczka-klas-5i6-do-Nowego-Targu-2026_2.jpeg","type":"image\/jpeg"}],"author":"admin","twitter_card":"summary_large_image","twitter_misc":{"Napisane przez":"admin","Szacowany czas czytania":"2 minuty"},"schema":{"@context":"https:\/\/schema.org","@graph":[{"@type":"WebPage","@id":"https:\/\/spkrauszow.ugnowytarg.pl\/index.php\/2026\/04\/29\/wycieczka-klas-v-i-vi-do-nowego-targu\/","url":"https:\/\/spkrauszow.ugnowytarg.pl\/index.php\/2026\/04\/29\/wycieczka-klas-v-i-vi-do-nowego-targu\/","name":"Wycieczka klas V i VI do Nowego Targu - SP KRAUSZ\u00d3W","isPartOf":{"@id":"https:\/\/spkrauszow.ugnowytarg.pl\/#website"},"datePublished":"2026-04-29T15:27:16+00:00","dateModified":"2026-04-29T15:27:16+00:00","author":{"@id":"https:\/\/spkrauszow.ugnowytarg.pl\/#\/schema\/person\/0b1c96abf20ea256c90bbb48daf698c4"},"breadcrumb":{"@id":"https:\/\/spkrauszow.ugnowytarg.pl\/index.php\/2026\/04\/29\/wycieczka-klas-v-i-vi-do-nowego-targu\/#breadcrumb"},"inLanguage":"pl-PL","potentialAction":[{"@type":"ReadAction","target":["https:\/\/spkrauszow.ugnowytarg.pl\/index.php\/2026\/04\/29\/wycieczka-klas-v-i-vi-do-nowego-targu\/"]}]},{"@type":"BreadcrumbList","@id":"https:\/\/spkrauszow.ugnowytarg.pl\/index.php\/2026\/04\/29\/wycieczka-klas-v-i-vi-do-nowego-targu\/#breadcrumb","itemListElement":[{"@type":"ListItem","position":1,"name":"Strona g\u0142\u00f3wna","item":"https:\/\/spkrauszow.ugnowytarg.pl\/"},{"@type":"ListItem","position":2,"name":"Wycieczka klas V i VI do Nowego Targu"}]},{"@type":"WebSite","@id":"https:\/\/spkrauszow.ugnowytarg.pl\/#website","url":"https:\/\/spkrauszow.ugnowytarg.pl\/","name":"SP KRAUSZ\u00d3W","description":"","potentialAction":[{"@type":"SearchAction","target":{"@type":"EntryPoint","urlTemplate":"https:\/\/spkrauszow.ugnowytarg.pl\/?s={search_term_string}"},"query-input":"required name=search_term_string"}],"inLanguage":"pl-PL"},{"@type":"Person","@id":"https:\/\/spkrauszow.ugnowytarg.pl\/#\/schema\/person\/0b1c96abf20ea256c90bbb48daf698c4","name":"admin","image":{"@type":"ImageObject","inLanguage":"pl-PL","@id":"https:\/\/spkrauszow.ugnowytarg.pl\/#\/schema\/person\/image\/","url":"https:\/\/secure.gravatar.com\/avatar\/422745ea88bd165873c9ef257e6387ed?s=96&d=mm&r=g","contentUrl":"https:\/\/secure.gravatar.com\/avatar\/422745ea88bd165873c9ef257e6387ed?s=96&d=mm&r=g","caption":"admin"},"sameAs":["http:\/\/spkrauszow.ugnowytarg.pl"],"url":"https:\/\/spkrauszow.ugnowytarg.pl\/index.php\/author\/admin\/"}]}},"jetpack_featured_media_url":"https:\/\/spkrauszow.ugnowytarg.pl\/wp-content\/uploads\/2026\/04\/Wycieczka-klas-5i6-do-Nowego-Targu-2026_2.jpeg","_links":{"self":[{"href":"https:\/\/spkrauszow.ugnowytarg.pl\/index.php\/wp-json\/wp\/v2\/posts\/14688"}],"collection":[{"href":"https:\/\/spkrauszow.ugnowytarg.pl\/index.php\/wp-json\/wp\/v2\/posts"}],"about":[{"href":"https:\/\/spkrauszow.ugnowytarg.pl\/index.php\/wp-json\/wp\/v2\/types\/post"}],"author":[{"embeddable":true,"href":"https:\/\/spkrauszow.ugnowytarg.pl\/index.php\/wp-json\/wp\/v2\/users\/1"}],"replies":[{"embeddable":true,"href":"https:\/\/spkrauszow.ugnowytarg.pl\/index.php\/wp-json\/wp\/v2\/comments?post=14688"}],"version-history":[{"count":1,"href":"https:\/\/spkrauszow.ugnowytarg.pl\/index.php\/wp-json\/wp\/v2\/posts\/14688\/revisions"}],"predecessor-version":[{"id":14693,"href":"https:\/\/spkrauszow.ugnowytarg.pl\/index.php\/wp-json\/wp\/v2\/posts\/14688\/revisions\/14693"}],"wp:featuredmedia":[{"embeddable":true,"href":"https:\/\/spkrauszow.ugnowytarg.pl\/index.php\/wp-json\/wp\/v2\/media\/14690"}],"wp:attachment":[{"href":"https:\/\/spkrauszow.ugnowytarg.pl\/index.php\/wp-json\/wp\/v2\/media?parent=14688"}],"wp:term":[{"taxonomy":"category","embeddable":true,"href":"https:\/\/spkrauszow.ugnowytarg.pl\/index.php\/wp-json\/wp\/v2\/categories?post=14688"},{"taxonomy":"post_tag","embeddable":true,"href":"https:\/\/spkrauszow.ugnowytarg.pl\/index.php\/wp-json\/wp\/v2\/tags?post=14688"}],"curies":[{"name":"wp","href":"https:\/\/api.w.org\/{rel}","templated":true}]}}