{"id":14670,"date":"2026-04-29T16:26:02","date_gmt":"2026-04-29T14:26:02","guid":{"rendered":"https:\/\/spkrauszow.ugnowytarg.pl\/?p=14670"},"modified":"2026-04-29T16:26:02","modified_gmt":"2026-04-29T14:26:02","slug":"wycieczka-klasy-v-do-nowego-targu","status":"publish","type":"post","link":"https:\/\/spkrauszow.ugnowytarg.pl\/index.php\/2026\/04\/29\/wycieczka-klasy-v-do-nowego-targu\/","title":{"rendered":"Wycieczka klasy V do Nowego Targu"},"content":{"rendered":"<p align=\"justify\">Dnia 9\u00a0kwietnia\u00a0br. pi\u0105toklasi\u015bci, pod\u00a0opiek\u0105 pani polonistki, uczestniczyli w\u00a0wycieczce do\u00a0Nowego Targu. Celem wyprawy by\u0142 nie\u00a0tylko odpoczynek, ale\u00a0przede wszystkim spotkanie z\u00a0\u017cyw\u0105 kultur\u0105 i\u00a0antyczn\u0105 tradycj\u0105.<\/p>\n<p align=\"justify\">Swoj\u0105 przygod\u0119 uczniowie rozpocz\u0119li od\u00a0wizyty w\u00a0parku miejskim, gdzie mogli sp\u0119dzi\u0107 czas na\u00a0\u015bwie\u017cym powietrzu, bawi\u0105c si\u0119 i\u00a0integruj\u0105c w\u00a0radosnej atmosferze.<\/p>\n<p align=\"justify\">Nast\u0119pnie klasa uda\u0142a si\u0119 do\u00a0Miejskiego Centrum Kultury, aby\u00a0obejrze\u0107 spektakl pt.\u00a0\u201eMity greckie\u201d. Przedstawienie w\u00a0interesuj\u0105cy spos\u00f3b przybli\u017cy\u0142o \u015bwiat bog\u00f3w i\u00a0heros\u00f3w, ukazuj\u0105c ich\u00a0atrybuty oraz dziedziny \u017cycia, kt\u00f3rymi si\u0119 opiekowali. Uczniowie poznali m.in. histori\u0119 Persefony, porwanej do \u015bwiata podziemi, los Syzyfa skazanego na wieczn\u0105 prac\u0119, a\u00a0tak\u017ce mit o\u00a0Narcyzie. W\u00a0spektaklu pojawi\u0142y si\u0119 r\u00f3wnie\u017c postacie takie jak\u00a0Pytia, Prometeusz, Hermes, Charon czy\u00a0gromow\u0142adny Zeus. Widowisko by\u0142o doskona\u0142\u0105 okazj\u0105, by\u00a0utrwali\u0107 wiedz\u0119 o\u00a0tym, jak\u00a0staro\u017cytni Grecy t\u0142umaczyli zjawiska przyrody i\u00a0ludzkie nami\u0119tno\u015bci.<\/p>\n<p align=\"justify\">Po uczcie duchowej przyszed\u0142 czas na\u00a0co\u015b dla\u00a0podniebienia. Na\u00a0zako\u0144czenie wycieczki uczniowie udali si\u0119 do\u00a0pizzerii, gdzie mogli odpocz\u0105\u0107 i\u00a0wsp\u00f3lnie zje\u015b\u0107 posi\u0142ek. Wyjazd by\u0142 nie\u00a0tylko przyjemny, ale\u00a0r\u00f3wnie\u017c bardzo pouczaj\u0105cy i\u00a0na\u00a0d\u0142ugo pozostanie w\u00a0pami\u0119ci uczestnik\u00f3w.<\/p>\n<p style=\"text-align: right;\"><span style=\"font-size: 10pt;\">Autor tekstu: Helena \u015aredniawa<\/span><\/p>\n<!-- Final Tiles Grid Gallery for WordPress v3.6.13 free --><style>#ftg-395395 .tile .icon { color:#ffffff; }#ftg-395395 .ftg-items .loading-bar i { background:#666; }#ftg-395395 .ftg-items .loading-bar { background:#fff; }#ftg-395395 .tile .icon { font-size:12px; }#ftg-395395 .tile .icon { margin: -6px 0 0 -6px; }#ftg-395395 .tile .caption-block .text-wrapper span.text { font-size:12px; }#ftg-395395 .tile .caption-outside .text-wrapper span.text { font-size:12px; }#ftg-395395 .tile .caption-block .text-wrapper span.title { font-size:14px; }#ftg-395395 .tile .caption-outside .text-wrapper span.title { font-size:14px; }#ftg-395395 .tile { background-color: transparent; }#ftg-395395 .tile .caption-block .text-wrapper span.text { color: #ffffff; }#ftg-395395 .tile .caption-block .text-wrapper span.title { color: #ffffff; }#ftg-395395 .tile .caption-outside .text-wrapper span.text { color: #ffffff; }#ftg-395395 .tile .caption-outside .text-wrapper span.title { color: #ffffff; }#ftg-395395 .tile .ftg-social a { color: #ffffff; }#ftg-395395 .tile .caption-block { transition-timing-function:linear; }#ftg-395395 .tile .caption-block { transition-duration:0.25s; }#ftg-395395 .tile .tile-inner:before { background-color: #000000; }#ftg-395395 .tile .tile-inner:before { background-color: rgba(0, 0, 0, 0.8); }<\/style><a name=\"395\"><\/a><div class=\"final-tiles-gallery  ftg-hover-enabled caption-inside  caption-none caption-middle caption-center\" id=\"ftg-395395\" style=\"width: 100%\"><div class='ftg-items'><div class='loading-bar'><i><\/i><\/div><div  class='tile ftg-preload  '><a title=\"wycieczka-do-Nowego-Targu-klasy5_2026_1\" data-lightbox='ftg-395395' rel='ftg-395395'  class=' tile-inner  ftg-lightbox' href='https:\/\/spkrauszow.ugnowytarg.pl\/wp-content\/uploads\/2026\/04\/wycieczka-do-Nowego-Targu-klasy5_2026_1.jpeg' ><img alt='Wizyta w pizzerii \u2013 chwila odpoczynku i wsp\u00f3lny posi\u0142ek uczni\u00f3w.' class='item skip-lazy' data-class='item' data-ftg-source='http:\/\/spkrauszow.ugnowytarg.pl\/wp-content\/uploads\/2026\/04\/wycieczka-do-Nowego-Targu-klasy5_2026_1.jpeg' src='http:\/\/spkrauszow.ugnowytarg.pl\/wp-content\/uploads\/2026\/04\/wycieczka-do-Nowego-Targu-klasy5_2026_1.jpeg' width='1024' height='766' \/><span class='icon fa fa-zoom'><\/span><div class='caption-block'><div class='text-wrapper'><span class='title'>wycieczka-do-Nowego-Targu-klasy5_2026_1<\/span><\/div><\/div><\/a><div class='ftg-social'><\/div><\/div><div  class='tile ftg-preload  '><a title=\"wycieczka-do-Nowego-Targu-klasy5_2026_2\" data-lightbox='ftg-395395' rel='ftg-395395'  class=' tile-inner  ftg-lightbox' href='https:\/\/spkrauszow.ugnowytarg.pl\/wp-content\/uploads\/2026\/04\/wycieczka-do-Nowego-Targu-klasy5_2026_2.jpeg' ><img alt='Uczniowie klasy V w sali widowiskowej przed rozpocz\u0119ciem spektaklu.' class='item skip-lazy' data-class='item' data-ftg-source='http:\/\/spkrauszow.ugnowytarg.pl\/wp-content\/uploads\/2026\/04\/wycieczka-do-Nowego-Targu-klasy5_2026_2.jpeg' src='http:\/\/spkrauszow.ugnowytarg.pl\/wp-content\/uploads\/2026\/04\/wycieczka-do-Nowego-Targu-klasy5_2026_2.jpeg' width='766' height='1024' \/><span class='icon fa fa-zoom'><\/span><div class='caption-block'><div class='text-wrapper'><span class='title'>wycieczka-do-Nowego-Targu-klasy5_2026_2<\/span><\/div><\/div><\/a><div class='ftg-social'><\/div><\/div><div  class='tile ftg-preload  '><a title=\"wycieczka-do-Nowego-Targu-klasy5_2026_3\" data-lightbox='ftg-395395' rel='ftg-395395'  class=' tile-inner  ftg-lightbox' href='https:\/\/spkrauszow.ugnowytarg.pl\/wp-content\/uploads\/2026\/04\/wycieczka-do-Nowego-Targu-klasy5_2026_3.jpeg' ><img alt='Aktywny wypoczynek i integracja klasy podczas pobytu w parku.' class='item skip-lazy' data-class='item' data-ftg-source='http:\/\/spkrauszow.ugnowytarg.pl\/wp-content\/uploads\/2026\/04\/wycieczka-do-Nowego-Targu-klasy5_2026_3.jpeg' src='http:\/\/spkrauszow.ugnowytarg.pl\/wp-content\/uploads\/2026\/04\/wycieczka-do-Nowego-Targu-klasy5_2026_3.jpeg' width='766' height='1024' \/><span class='icon fa fa-zoom'><\/span><div class='caption-block'><div class='text-wrapper'><span class='title'>wycieczka-do-Nowego-Targu-klasy5_2026_3<\/span><\/div><\/div><\/a><div class='ftg-social'><\/div><\/div><div  class='tile ftg-preload  '><a title=\"wycieczka-do-Nowego-Targu-klasy5_2026_4\" data-lightbox='ftg-395395' rel='ftg-395395'  class=' tile-inner  ftg-lightbox' href='https:\/\/spkrauszow.ugnowytarg.pl\/wp-content\/uploads\/2026\/04\/wycieczka-do-Nowego-Targu-klasy5_2026_4.jpeg' ><img alt='Zabawy na kuli wspinaczkowej w parku w Nowym Targu.' class='item skip-lazy' data-class='item' data-ftg-source='http:\/\/spkrauszow.ugnowytarg.pl\/wp-content\/uploads\/2026\/04\/wycieczka-do-Nowego-Targu-klasy5_2026_4.jpeg' src='http:\/\/spkrauszow.ugnowytarg.pl\/wp-content\/uploads\/2026\/04\/wycieczka-do-Nowego-Targu-klasy5_2026_4.jpeg' width='766' height='1024' \/><span class='icon fa fa-zoom'><\/span><div class='caption-block'><div class='text-wrapper'><span class='title'>wycieczka-do-Nowego-Targu-klasy5_2026_4<\/span><\/div><\/div><\/a><div class='ftg-social'><\/div><\/div><div  class='tile ftg-preload  '><a title=\"wycieczka-do-Nowego-Targu-klasy5_2026_5\" data-lightbox='ftg-395395' rel='ftg-395395'  class=' tile-inner  ftg-lightbox' href='https:\/\/spkrauszow.ugnowytarg.pl\/wp-content\/uploads\/2026\/04\/wycieczka-do-Nowego-Targu-klasy5_2026_5.jpeg' ><img alt='Uczniowie klasy V podczas zwiedzania Nowego Targu \u2013 wsp\u00f3lne zdj\u0119cie na rynku.' class='item skip-lazy' data-class='item' data-ftg-source='http:\/\/spkrauszow.ugnowytarg.pl\/wp-content\/uploads\/2026\/04\/wycieczka-do-Nowego-Targu-klasy5_2026_5.jpeg' src='http:\/\/spkrauszow.ugnowytarg.pl\/wp-content\/uploads\/2026\/04\/wycieczka-do-Nowego-Targu-klasy5_2026_5.jpeg' width='1024' height='766' \/><span class='icon fa fa-zoom'><\/span><div class='caption-block'><div class='text-wrapper'><span class='title'>wycieczka-do-Nowego-Targu-klasy5_2026_5<\/span><\/div><\/div><\/a><div class='ftg-social'><\/div><\/div><\/div><\/div>\n","protected":false},"excerpt":{"rendered":"<p>Dnia 9\u00a0kwietnia\u00a0br. pi\u0105toklasi\u015bci, pod\u00a0opiek\u0105 pani polonistki, uczestniczyli w\u00a0wycieczce do\u00a0Nowego Targu. Celem wyprawy by\u0142 nie\u00a0tylko odpoczynek, ale\u00a0przede wszystkim spotkanie z\u00a0\u017cyw\u0105 kultur\u0105 i\u00a0antyczn\u0105 tradycj\u0105. Swoj\u0105 przygod\u0119 uczniowie rozpocz\u0119li od\u00a0wizyty w\u00a0parku miejskim, gdzie mogli sp\u0119dzi\u0107 czas na\u00a0\u015bwie\u017cym powietrzu, bawi\u0105c si\u0119 i\u00a0integruj\u0105c w\u00a0radosnej atmosferze. <a href=\"https:\/\/spkrauszow.ugnowytarg.pl\/index.php\/2026\/04\/29\/wycieczka-klasy-v-do-nowego-targu\/\" class=\"read-more\">Czytaj wi\u0119cej &#8230;<\/a><\/p>\n","protected":false},"author":1,"featured_media":14675,"comment_status":"closed","ping_status":"open","sticky":false,"template":"","format":"standard","meta":[],"categories":[43],"tags":[],"yoast_head":"<!-- This site is optimized with the Yoast SEO plugin v20.4 - https:\/\/yoast.com\/wordpress\/plugins\/seo\/ -->\n<title>Wycieczka klasy V do Nowego Targu - SP KRAUSZ\u00d3W<\/title>\n<meta name=\"robots\" content=\"index, follow, max-snippet:-1, max-image-preview:large, max-video-preview:-1\" \/>\n<link rel=\"canonical\" href=\"https:\/\/spkrauszow.ugnowytarg.pl\/index.php\/2026\/04\/29\/wycieczka-klasy-v-do-nowego-targu\/\" \/>\n<meta property=\"og:locale\" content=\"pl_PL\" \/>\n<meta property=\"og:type\" content=\"article\" \/>\n<meta property=\"og:title\" content=\"Wycieczka klasy V do Nowego Targu - SP KRAUSZ\u00d3W\" \/>\n<meta property=\"og:description\" content=\"Dnia 9\u00a0kwietnia\u00a0br. pi\u0105toklasi\u015bci, pod\u00a0opiek\u0105 pani polonistki, uczestniczyli w\u00a0wycieczce do\u00a0Nowego Targu. Celem wyprawy by\u0142 nie\u00a0tylko odpoczynek, ale\u00a0przede wszystkim spotkanie z\u00a0\u017cyw\u0105 kultur\u0105 i\u00a0antyczn\u0105 tradycj\u0105. Swoj\u0105 przygod\u0119 uczniowie rozpocz\u0119li od\u00a0wizyty w\u00a0parku miejskim, gdzie mogli sp\u0119dzi\u0107 czas na\u00a0\u015bwie\u017cym powietrzu, bawi\u0105c si\u0119 i\u00a0integruj\u0105c w\u00a0radosnej atmosferze. Czytaj wi\u0119cej ...\" \/>\n<meta property=\"og:url\" content=\"https:\/\/spkrauszow.ugnowytarg.pl\/index.php\/2026\/04\/29\/wycieczka-klasy-v-do-nowego-targu\/\" \/>\n<meta property=\"og:site_name\" content=\"SP KRAUSZ\u00d3W\" \/>\n<meta property=\"article:published_time\" content=\"2026-04-29T14:26:02+00:00\" \/>\n<meta property=\"og:image\" content=\"http:\/\/spkrauszow.ugnowytarg.pl\/wp-content\/uploads\/2026\/04\/wycieczka-do-Nowego-Targu-klasy5_2026_5.jpeg\" \/>\n\t<meta property=\"og:image:width\" content=\"1024\" \/>\n\t<meta property=\"og:image:height\" content=\"766\" \/>\n\t<meta property=\"og:image:type\" content=\"image\/jpeg\" \/>\n<meta name=\"author\" content=\"admin\" \/>\n<meta name=\"twitter:card\" content=\"summary_large_image\" \/>\n<meta name=\"twitter:label1\" content=\"Napisane przez\" \/>\n\t<meta name=\"twitter:data1\" content=\"admin\" \/>\n\t<meta name=\"twitter:label2\" content=\"Szacowany czas czytania\" \/>\n\t<meta name=\"twitter:data2\" content=\"2 minuty\" \/>\n<script type=\"application\/ld+json\" class=\"yoast-schema-graph\">{\"@context\":\"https:\/\/schema.org\",\"@graph\":[{\"@type\":\"WebPage\",\"@id\":\"https:\/\/spkrauszow.ugnowytarg.pl\/index.php\/2026\/04\/29\/wycieczka-klasy-v-do-nowego-targu\/\",\"url\":\"https:\/\/spkrauszow.ugnowytarg.pl\/index.php\/2026\/04\/29\/wycieczka-klasy-v-do-nowego-targu\/\",\"name\":\"Wycieczka klasy V do Nowego Targu - SP KRAUSZ\u00d3W\",\"isPartOf\":{\"@id\":\"https:\/\/spkrauszow.ugnowytarg.pl\/#website\"},\"datePublished\":\"2026-04-29T14:26:02+00:00\",\"dateModified\":\"2026-04-29T14:26:02+00:00\",\"author\":{\"@id\":\"https:\/\/spkrauszow.ugnowytarg.pl\/#\/schema\/person\/0b1c96abf20ea256c90bbb48daf698c4\"},\"breadcrumb\":{\"@id\":\"https:\/\/spkrauszow.ugnowytarg.pl\/index.php\/2026\/04\/29\/wycieczka-klasy-v-do-nowego-targu\/#breadcrumb\"},\"inLanguage\":\"pl-PL\",\"potentialAction\":[{\"@type\":\"ReadAction\",\"target\":[\"https:\/\/spkrauszow.ugnowytarg.pl\/index.php\/2026\/04\/29\/wycieczka-klasy-v-do-nowego-targu\/\"]}]},{\"@type\":\"BreadcrumbList\",\"@id\":\"https:\/\/spkrauszow.ugnowytarg.pl\/index.php\/2026\/04\/29\/wycieczka-klasy-v-do-nowego-targu\/#breadcrumb\",\"itemListElement\":[{\"@type\":\"ListItem\",\"position\":1,\"name\":\"Strona g\u0142\u00f3wna\",\"item\":\"https:\/\/spkrauszow.ugnowytarg.pl\/\"},{\"@type\":\"ListItem\",\"position\":2,\"name\":\"Wycieczka klasy V do Nowego Targu\"}]},{\"@type\":\"WebSite\",\"@id\":\"https:\/\/spkrauszow.ugnowytarg.pl\/#website\",\"url\":\"https:\/\/spkrauszow.ugnowytarg.pl\/\",\"name\":\"SP KRAUSZ\u00d3W\",\"description\":\"\",\"potentialAction\":[{\"@type\":\"SearchAction\",\"target\":{\"@type\":\"EntryPoint\",\"urlTemplate\":\"https:\/\/spkrauszow.ugnowytarg.pl\/?s={search_term_string}\"},\"query-input\":\"required name=search_term_string\"}],\"inLanguage\":\"pl-PL\"},{\"@type\":\"Person\",\"@id\":\"https:\/\/spkrauszow.ugnowytarg.pl\/#\/schema\/person\/0b1c96abf20ea256c90bbb48daf698c4\",\"name\":\"admin\",\"image\":{\"@type\":\"ImageObject\",\"inLanguage\":\"pl-PL\",\"@id\":\"https:\/\/spkrauszow.ugnowytarg.pl\/#\/schema\/person\/image\/\",\"url\":\"https:\/\/secure.gravatar.com\/avatar\/422745ea88bd165873c9ef257e6387ed?s=96&d=mm&r=g\",\"contentUrl\":\"https:\/\/secure.gravatar.com\/avatar\/422745ea88bd165873c9ef257e6387ed?s=96&d=mm&r=g\",\"caption\":\"admin\"},\"sameAs\":[\"http:\/\/spkrauszow.ugnowytarg.pl\"],\"url\":\"https:\/\/spkrauszow.ugnowytarg.pl\/index.php\/author\/admin\/\"}]}<\/script>\n<!-- \/ Yoast SEO plugin. -->","yoast_head_json":{"title":"Wycieczka klasy V do Nowego Targu - SP KRAUSZ\u00d3W","robots":{"index":"index","follow":"follow","max-snippet":"max-snippet:-1","max-image-preview":"max-image-preview:large","max-video-preview":"max-video-preview:-1"},"canonical":"https:\/\/spkrauszow.ugnowytarg.pl\/index.php\/2026\/04\/29\/wycieczka-klasy-v-do-nowego-targu\/","og_locale":"pl_PL","og_type":"article","og_title":"Wycieczka klasy V do Nowego Targu - SP KRAUSZ\u00d3W","og_description":"Dnia 9\u00a0kwietnia\u00a0br. pi\u0105toklasi\u015bci, pod\u00a0opiek\u0105 pani polonistki, uczestniczyli w\u00a0wycieczce do\u00a0Nowego Targu. Celem wyprawy by\u0142 nie\u00a0tylko odpoczynek, ale\u00a0przede wszystkim spotkanie z\u00a0\u017cyw\u0105 kultur\u0105 i\u00a0antyczn\u0105 tradycj\u0105. Swoj\u0105 przygod\u0119 uczniowie rozpocz\u0119li od\u00a0wizyty w\u00a0parku miejskim, gdzie mogli sp\u0119dzi\u0107 czas na\u00a0\u015bwie\u017cym powietrzu, bawi\u0105c si\u0119 i\u00a0integruj\u0105c w\u00a0radosnej atmosferze. Czytaj wi\u0119cej ...","og_url":"https:\/\/spkrauszow.ugnowytarg.pl\/index.php\/2026\/04\/29\/wycieczka-klasy-v-do-nowego-targu\/","og_site_name":"SP KRAUSZ\u00d3W","article_published_time":"2026-04-29T14:26:02+00:00","og_image":[{"width":1024,"height":766,"url":"http:\/\/spkrauszow.ugnowytarg.pl\/wp-content\/uploads\/2026\/04\/wycieczka-do-Nowego-Targu-klasy5_2026_5.jpeg","type":"image\/jpeg"}],"author":"admin","twitter_card":"summary_large_image","twitter_misc":{"Napisane przez":"admin","Szacowany czas czytania":"2 minuty"},"schema":{"@context":"https:\/\/schema.org","@graph":[{"@type":"WebPage","@id":"https:\/\/spkrauszow.ugnowytarg.pl\/index.php\/2026\/04\/29\/wycieczka-klasy-v-do-nowego-targu\/","url":"https:\/\/spkrauszow.ugnowytarg.pl\/index.php\/2026\/04\/29\/wycieczka-klasy-v-do-nowego-targu\/","name":"Wycieczka klasy V do Nowego Targu - SP KRAUSZ\u00d3W","isPartOf":{"@id":"https:\/\/spkrauszow.ugnowytarg.pl\/#website"},"datePublished":"2026-04-29T14:26:02+00:00","dateModified":"2026-04-29T14:26:02+00:00","author":{"@id":"https:\/\/spkrauszow.ugnowytarg.pl\/#\/schema\/person\/0b1c96abf20ea256c90bbb48daf698c4"},"breadcrumb":{"@id":"https:\/\/spkrauszow.ugnowytarg.pl\/index.php\/2026\/04\/29\/wycieczka-klasy-v-do-nowego-targu\/#breadcrumb"},"inLanguage":"pl-PL","potentialAction":[{"@type":"ReadAction","target":["https:\/\/spkrauszow.ugnowytarg.pl\/index.php\/2026\/04\/29\/wycieczka-klasy-v-do-nowego-targu\/"]}]},{"@type":"BreadcrumbList","@id":"https:\/\/spkrauszow.ugnowytarg.pl\/index.php\/2026\/04\/29\/wycieczka-klasy-v-do-nowego-targu\/#breadcrumb","itemListElement":[{"@type":"ListItem","position":1,"name":"Strona g\u0142\u00f3wna","item":"https:\/\/spkrauszow.ugnowytarg.pl\/"},{"@type":"ListItem","position":2,"name":"Wycieczka klasy V do Nowego Targu"}]},{"@type":"WebSite","@id":"https:\/\/spkrauszow.ugnowytarg.pl\/#website","url":"https:\/\/spkrauszow.ugnowytarg.pl\/","name":"SP KRAUSZ\u00d3W","description":"","potentialAction":[{"@type":"SearchAction","target":{"@type":"EntryPoint","urlTemplate":"https:\/\/spkrauszow.ugnowytarg.pl\/?s={search_term_string}"},"query-input":"required name=search_term_string"}],"inLanguage":"pl-PL"},{"@type":"Person","@id":"https:\/\/spkrauszow.ugnowytarg.pl\/#\/schema\/person\/0b1c96abf20ea256c90bbb48daf698c4","name":"admin","image":{"@type":"ImageObject","inLanguage":"pl-PL","@id":"https:\/\/spkrauszow.ugnowytarg.pl\/#\/schema\/person\/image\/","url":"https:\/\/secure.gravatar.com\/avatar\/422745ea88bd165873c9ef257e6387ed?s=96&d=mm&r=g","contentUrl":"https:\/\/secure.gravatar.com\/avatar\/422745ea88bd165873c9ef257e6387ed?s=96&d=mm&r=g","caption":"admin"},"sameAs":["http:\/\/spkrauszow.ugnowytarg.pl"],"url":"https:\/\/spkrauszow.ugnowytarg.pl\/index.php\/author\/admin\/"}]}},"jetpack_featured_media_url":"https:\/\/spkrauszow.ugnowytarg.pl\/wp-content\/uploads\/2026\/04\/wycieczka-do-Nowego-Targu-klasy5_2026_5.jpeg","_links":{"self":[{"href":"https:\/\/spkrauszow.ugnowytarg.pl\/index.php\/wp-json\/wp\/v2\/posts\/14670"}],"collection":[{"href":"https:\/\/spkrauszow.ugnowytarg.pl\/index.php\/wp-json\/wp\/v2\/posts"}],"about":[{"href":"https:\/\/spkrauszow.ugnowytarg.pl\/index.php\/wp-json\/wp\/v2\/types\/post"}],"author":[{"embeddable":true,"href":"https:\/\/spkrauszow.ugnowytarg.pl\/index.php\/wp-json\/wp\/v2\/users\/1"}],"replies":[{"embeddable":true,"href":"https:\/\/spkrauszow.ugnowytarg.pl\/index.php\/wp-json\/wp\/v2\/comments?post=14670"}],"version-history":[{"count":1,"href":"https:\/\/spkrauszow.ugnowytarg.pl\/index.php\/wp-json\/wp\/v2\/posts\/14670\/revisions"}],"predecessor-version":[{"id":14676,"href":"https:\/\/spkrauszow.ugnowytarg.pl\/index.php\/wp-json\/wp\/v2\/posts\/14670\/revisions\/14676"}],"wp:featuredmedia":[{"embeddable":true,"href":"https:\/\/spkrauszow.ugnowytarg.pl\/index.php\/wp-json\/wp\/v2\/media\/14675"}],"wp:attachment":[{"href":"https:\/\/spkrauszow.ugnowytarg.pl\/index.php\/wp-json\/wp\/v2\/media?parent=14670"}],"wp:term":[{"taxonomy":"category","embeddable":true,"href":"https:\/\/spkrauszow.ugnowytarg.pl\/index.php\/wp-json\/wp\/v2\/categories?post=14670"},{"taxonomy":"post_tag","embeddable":true,"href":"https:\/\/spkrauszow.ugnowytarg.pl\/index.php\/wp-json\/wp\/v2\/tags?post=14670"}],"curies":[{"name":"wp","href":"https:\/\/api.w.org\/{rel}","templated":true}]}}