{"id":1429,"date":"2021-11-02T16:11:21","date_gmt":"2021-11-02T15:11:21","guid":{"rendered":"https:\/\/spkrauszow.ugnowytarg.pl\/?p=1429"},"modified":"2022-06-04T11:27:59","modified_gmt":"2022-06-04T09:27:59","slug":"viii-edycja-konkursu-poznajmy-nasze-lasy-i-ojczysta-przyrode","status":"publish","type":"post","link":"https:\/\/spkrauszow.ugnowytarg.pl\/index.php\/2021\/11\/02\/viii-edycja-konkursu-poznajmy-nasze-lasy-i-ojczysta-przyrode\/","title":{"rendered":"VIII edycja konkursu &#8222;Poznajmy nasze lasy i ojczyst\u0105 przyrod\u0119&#8221;"},"content":{"rendered":"<p><span id=\"container-1086-outerCt\" role=\"presentation\">26 pa\u017adziernika odby\u0142 si\u0119 etap rejonowy VIII edycja konkursu &#8222;Poznajmy nasze lasy i ojczyst\u0105 przyrod\u0119&#8221; organizowana przez Nadle\u015bnictwo Nowy Targ. Ten trzyetapowy Konkurs gromadzi na swoim starcie setki m\u0142odych przyrodnik\u00f3w ze szk\u00f3\u0142 podstawowych Powiatu Nowotarskiego i Tatrza\u0144skiego.<br \/>\n<\/span><\/p>\n<p><span id=\"container-1086-outerCt\" role=\"presentation\">W etapie szkolnym koordynowanym przez pana Piotra Smosn\u0119 uczniowie naszej szko\u0142y mogli sprawdzi\u0107 swoj\u0105 wiedz\u0119 przyrodnicz\u0105 i wykaza\u0107 si\u0119 umiej\u0119tno\u015bci\u0105 rozpoznawania przedstawicieli rodzimej fauny i flory, ale r\u00f3wnie\u017c znajomo\u015bci\u0105 wielu fachowych poj\u0119\u0107 z dziedziny le\u015bnictwa, \u0142owiectwa i geografii regionu. Z sze\u015bciu os\u00f3b bior\u0105cych udzia\u0142 w I etapie wy\u0142oniono tr\u00f3jk\u0119, kt\u00f3ra dosta\u0142a si\u0119 do etapu rejonowego. S\u0105 to Anita Mucha, Alicja Zygmond z klasy VII i Paulina Pawlikowska z klasy VIII.<\/span><\/p>\n<p><span id=\"container-1086-outerCt\" role=\"presentation\">Serdecznie gratulujemy!!!<\/span><\/p>\n<p><img decoding=\"async\" loading=\"lazy\" class=\"aligncenter wp-image-1430 size-full\" src=\"https:\/\/spkrauszow.ugnowytarg.pl\/wp-content\/uploads\/2021\/11\/248678357_263596629030717_3930815493882429149_n.jpg\" alt=\"\" width=\"718\" height=\"960\" srcset=\"https:\/\/spkrauszow.ugnowytarg.pl\/wp-content\/uploads\/2021\/11\/248678357_263596629030717_3930815493882429149_n.jpg 718w, https:\/\/spkrauszow.ugnowytarg.pl\/wp-content\/uploads\/2021\/11\/248678357_263596629030717_3930815493882429149_n-224x300.jpg 224w, https:\/\/spkrauszow.ugnowytarg.pl\/wp-content\/uploads\/2021\/11\/248678357_263596629030717_3930815493882429149_n-202x270.jpg 202w\" sizes=\"(max-width: 718px) 100vw, 718px\" \/><\/p>\n","protected":false},"excerpt":{"rendered":"<p>26 pa\u017adziernika odby\u0142 si\u0119 etap rejonowy VIII edycja konkursu &#8222;Poznajmy nasze lasy i ojczyst\u0105 przyrod\u0119&#8221; organizowana przez Nadle\u015bnictwo Nowy Targ. Ten trzyetapowy Konkurs gromadzi na swoim starcie setki m\u0142odych przyrodnik\u00f3w ze szk\u00f3\u0142 podstawowych Powiatu Nowotarskiego i Tatrza\u0144skiego. W etapie szkolnym <a href=\"https:\/\/spkrauszow.ugnowytarg.pl\/index.php\/2021\/11\/02\/viii-edycja-konkursu-poznajmy-nasze-lasy-i-ojczysta-przyrode\/\" class=\"read-more\">Czytaj wi\u0119cej &#8230;<\/a><\/p>\n","protected":false},"author":1,"featured_media":0,"comment_status":"open","ping_status":"open","sticky":false,"template":"","format":"standard","meta":[],"categories":[7,12],"tags":[],"yoast_head":"<!-- This site is optimized with the Yoast SEO plugin v20.4 - https:\/\/yoast.com\/wordpress\/plugins\/seo\/ -->\n<title>VIII edycja konkursu &quot;Poznajmy nasze lasy i ojczyst\u0105 przyrod\u0119&quot; - SP KRAUSZ\u00d3W<\/title>\n<meta name=\"robots\" content=\"index, follow, max-snippet:-1, max-image-preview:large, max-video-preview:-1\" \/>\n<link rel=\"canonical\" href=\"https:\/\/spkrauszow.ugnowytarg.pl\/index.php\/2021\/11\/02\/viii-edycja-konkursu-poznajmy-nasze-lasy-i-ojczysta-przyrode\/\" \/>\n<meta property=\"og:locale\" content=\"pl_PL\" \/>\n<meta property=\"og:type\" content=\"article\" \/>\n<meta property=\"og:title\" content=\"VIII edycja konkursu &quot;Poznajmy nasze lasy i ojczyst\u0105 przyrod\u0119&quot; - SP KRAUSZ\u00d3W\" \/>\n<meta property=\"og:description\" content=\"26 pa\u017adziernika odby\u0142 si\u0119 etap rejonowy VIII edycja konkursu &#8222;Poznajmy nasze lasy i ojczyst\u0105 przyrod\u0119&#8221; organizowana przez Nadle\u015bnictwo Nowy Targ. Ten trzyetapowy Konkurs gromadzi na swoim starcie setki m\u0142odych przyrodnik\u00f3w ze szk\u00f3\u0142 podstawowych Powiatu Nowotarskiego i Tatrza\u0144skiego. W etapie szkolnym Czytaj wi\u0119cej ...\" \/>\n<meta property=\"og:url\" content=\"https:\/\/spkrauszow.ugnowytarg.pl\/index.php\/2021\/11\/02\/viii-edycja-konkursu-poznajmy-nasze-lasy-i-ojczysta-przyrode\/\" \/>\n<meta property=\"og:site_name\" content=\"SP KRAUSZ\u00d3W\" \/>\n<meta property=\"article:published_time\" content=\"2021-11-02T15:11:21+00:00\" \/>\n<meta property=\"article:modified_time\" content=\"2022-06-04T09:27:59+00:00\" \/>\n<meta property=\"og:image\" content=\"https:\/\/spkrauszow.ugnowytarg.pl\/wp-content\/uploads\/2021\/11\/248678357_263596629030717_3930815493882429149_n.jpg\" \/>\n<meta name=\"author\" content=\"admin\" \/>\n<meta name=\"twitter:card\" content=\"summary_large_image\" \/>\n<meta name=\"twitter:label1\" content=\"Napisane przez\" \/>\n\t<meta name=\"twitter:data1\" content=\"admin\" \/>\n\t<meta name=\"twitter:label2\" content=\"Szacowany czas czytania\" \/>\n\t<meta name=\"twitter:data2\" content=\"1 minuta\" \/>\n<script type=\"application\/ld+json\" class=\"yoast-schema-graph\">{\"@context\":\"https:\/\/schema.org\",\"@graph\":[{\"@type\":\"WebPage\",\"@id\":\"https:\/\/spkrauszow.ugnowytarg.pl\/index.php\/2021\/11\/02\/viii-edycja-konkursu-poznajmy-nasze-lasy-i-ojczysta-przyrode\/\",\"url\":\"https:\/\/spkrauszow.ugnowytarg.pl\/index.php\/2021\/11\/02\/viii-edycja-konkursu-poznajmy-nasze-lasy-i-ojczysta-przyrode\/\",\"name\":\"VIII edycja konkursu \\\"Poznajmy nasze lasy i ojczyst\u0105 przyrod\u0119\\\" - SP KRAUSZ\u00d3W\",\"isPartOf\":{\"@id\":\"https:\/\/spkrauszow.ugnowytarg.pl\/#website\"},\"datePublished\":\"2021-11-02T15:11:21+00:00\",\"dateModified\":\"2022-06-04T09:27:59+00:00\",\"author\":{\"@id\":\"https:\/\/spkrauszow.ugnowytarg.pl\/#\/schema\/person\/0b1c96abf20ea256c90bbb48daf698c4\"},\"breadcrumb\":{\"@id\":\"https:\/\/spkrauszow.ugnowytarg.pl\/index.php\/2021\/11\/02\/viii-edycja-konkursu-poznajmy-nasze-lasy-i-ojczysta-przyrode\/#breadcrumb\"},\"inLanguage\":\"pl-PL\",\"potentialAction\":[{\"@type\":\"ReadAction\",\"target\":[\"https:\/\/spkrauszow.ugnowytarg.pl\/index.php\/2021\/11\/02\/viii-edycja-konkursu-poznajmy-nasze-lasy-i-ojczysta-przyrode\/\"]}]},{\"@type\":\"BreadcrumbList\",\"@id\":\"https:\/\/spkrauszow.ugnowytarg.pl\/index.php\/2021\/11\/02\/viii-edycja-konkursu-poznajmy-nasze-lasy-i-ojczysta-przyrode\/#breadcrumb\",\"itemListElement\":[{\"@type\":\"ListItem\",\"position\":1,\"name\":\"Strona g\u0142\u00f3wna\",\"item\":\"https:\/\/spkrauszow.ugnowytarg.pl\/\"},{\"@type\":\"ListItem\",\"position\":2,\"name\":\"VIII edycja konkursu &#8220;Poznajmy nasze lasy i ojczyst\u0105 przyrod\u0119&#8221;\"}]},{\"@type\":\"WebSite\",\"@id\":\"https:\/\/spkrauszow.ugnowytarg.pl\/#website\",\"url\":\"https:\/\/spkrauszow.ugnowytarg.pl\/\",\"name\":\"SP KRAUSZ\u00d3W\",\"description\":\"\",\"potentialAction\":[{\"@type\":\"SearchAction\",\"target\":{\"@type\":\"EntryPoint\",\"urlTemplate\":\"https:\/\/spkrauszow.ugnowytarg.pl\/?s={search_term_string}\"},\"query-input\":\"required name=search_term_string\"}],\"inLanguage\":\"pl-PL\"},{\"@type\":\"Person\",\"@id\":\"https:\/\/spkrauszow.ugnowytarg.pl\/#\/schema\/person\/0b1c96abf20ea256c90bbb48daf698c4\",\"name\":\"admin\",\"image\":{\"@type\":\"ImageObject\",\"inLanguage\":\"pl-PL\",\"@id\":\"https:\/\/spkrauszow.ugnowytarg.pl\/#\/schema\/person\/image\/\",\"url\":\"https:\/\/secure.gravatar.com\/avatar\/422745ea88bd165873c9ef257e6387ed?s=96&d=mm&r=g\",\"contentUrl\":\"https:\/\/secure.gravatar.com\/avatar\/422745ea88bd165873c9ef257e6387ed?s=96&d=mm&r=g\",\"caption\":\"admin\"},\"sameAs\":[\"http:\/\/spkrauszow.ugnowytarg.pl\"],\"url\":\"https:\/\/spkrauszow.ugnowytarg.pl\/index.php\/author\/admin\/\"}]}<\/script>\n<!-- \/ Yoast SEO plugin. -->","yoast_head_json":{"title":"VIII edycja konkursu \"Poznajmy nasze lasy i ojczyst\u0105 przyrod\u0119\" - SP KRAUSZ\u00d3W","robots":{"index":"index","follow":"follow","max-snippet":"max-snippet:-1","max-image-preview":"max-image-preview:large","max-video-preview":"max-video-preview:-1"},"canonical":"https:\/\/spkrauszow.ugnowytarg.pl\/index.php\/2021\/11\/02\/viii-edycja-konkursu-poznajmy-nasze-lasy-i-ojczysta-przyrode\/","og_locale":"pl_PL","og_type":"article","og_title":"VIII edycja konkursu \"Poznajmy nasze lasy i ojczyst\u0105 przyrod\u0119\" - SP KRAUSZ\u00d3W","og_description":"26 pa\u017adziernika odby\u0142 si\u0119 etap rejonowy VIII edycja konkursu &#8222;Poznajmy nasze lasy i ojczyst\u0105 przyrod\u0119&#8221; organizowana przez Nadle\u015bnictwo Nowy Targ. Ten trzyetapowy Konkurs gromadzi na swoim starcie setki m\u0142odych przyrodnik\u00f3w ze szk\u00f3\u0142 podstawowych Powiatu Nowotarskiego i Tatrza\u0144skiego. W etapie szkolnym Czytaj wi\u0119cej ...","og_url":"https:\/\/spkrauszow.ugnowytarg.pl\/index.php\/2021\/11\/02\/viii-edycja-konkursu-poznajmy-nasze-lasy-i-ojczysta-przyrode\/","og_site_name":"SP KRAUSZ\u00d3W","article_published_time":"2021-11-02T15:11:21+00:00","article_modified_time":"2022-06-04T09:27:59+00:00","og_image":[{"url":"https:\/\/spkrauszow.ugnowytarg.pl\/wp-content\/uploads\/2021\/11\/248678357_263596629030717_3930815493882429149_n.jpg"}],"author":"admin","twitter_card":"summary_large_image","twitter_misc":{"Napisane przez":"admin","Szacowany czas czytania":"1 minuta"},"schema":{"@context":"https:\/\/schema.org","@graph":[{"@type":"WebPage","@id":"https:\/\/spkrauszow.ugnowytarg.pl\/index.php\/2021\/11\/02\/viii-edycja-konkursu-poznajmy-nasze-lasy-i-ojczysta-przyrode\/","url":"https:\/\/spkrauszow.ugnowytarg.pl\/index.php\/2021\/11\/02\/viii-edycja-konkursu-poznajmy-nasze-lasy-i-ojczysta-przyrode\/","name":"VIII edycja konkursu \"Poznajmy nasze lasy i ojczyst\u0105 przyrod\u0119\" - SP KRAUSZ\u00d3W","isPartOf":{"@id":"https:\/\/spkrauszow.ugnowytarg.pl\/#website"},"datePublished":"2021-11-02T15:11:21+00:00","dateModified":"2022-06-04T09:27:59+00:00","author":{"@id":"https:\/\/spkrauszow.ugnowytarg.pl\/#\/schema\/person\/0b1c96abf20ea256c90bbb48daf698c4"},"breadcrumb":{"@id":"https:\/\/spkrauszow.ugnowytarg.pl\/index.php\/2021\/11\/02\/viii-edycja-konkursu-poznajmy-nasze-lasy-i-ojczysta-przyrode\/#breadcrumb"},"inLanguage":"pl-PL","potentialAction":[{"@type":"ReadAction","target":["https:\/\/spkrauszow.ugnowytarg.pl\/index.php\/2021\/11\/02\/viii-edycja-konkursu-poznajmy-nasze-lasy-i-ojczysta-przyrode\/"]}]},{"@type":"BreadcrumbList","@id":"https:\/\/spkrauszow.ugnowytarg.pl\/index.php\/2021\/11\/02\/viii-edycja-konkursu-poznajmy-nasze-lasy-i-ojczysta-przyrode\/#breadcrumb","itemListElement":[{"@type":"ListItem","position":1,"name":"Strona g\u0142\u00f3wna","item":"https:\/\/spkrauszow.ugnowytarg.pl\/"},{"@type":"ListItem","position":2,"name":"VIII edycja konkursu &#8220;Poznajmy nasze lasy i ojczyst\u0105 przyrod\u0119&#8221;"}]},{"@type":"WebSite","@id":"https:\/\/spkrauszow.ugnowytarg.pl\/#website","url":"https:\/\/spkrauszow.ugnowytarg.pl\/","name":"SP KRAUSZ\u00d3W","description":"","potentialAction":[{"@type":"SearchAction","target":{"@type":"EntryPoint","urlTemplate":"https:\/\/spkrauszow.ugnowytarg.pl\/?s={search_term_string}"},"query-input":"required name=search_term_string"}],"inLanguage":"pl-PL"},{"@type":"Person","@id":"https:\/\/spkrauszow.ugnowytarg.pl\/#\/schema\/person\/0b1c96abf20ea256c90bbb48daf698c4","name":"admin","image":{"@type":"ImageObject","inLanguage":"pl-PL","@id":"https:\/\/spkrauszow.ugnowytarg.pl\/#\/schema\/person\/image\/","url":"https:\/\/secure.gravatar.com\/avatar\/422745ea88bd165873c9ef257e6387ed?s=96&d=mm&r=g","contentUrl":"https:\/\/secure.gravatar.com\/avatar\/422745ea88bd165873c9ef257e6387ed?s=96&d=mm&r=g","caption":"admin"},"sameAs":["http:\/\/spkrauszow.ugnowytarg.pl"],"url":"https:\/\/spkrauszow.ugnowytarg.pl\/index.php\/author\/admin\/"}]}},"jetpack_featured_media_url":"","_links":{"self":[{"href":"https:\/\/spkrauszow.ugnowytarg.pl\/index.php\/wp-json\/wp\/v2\/posts\/1429"}],"collection":[{"href":"https:\/\/spkrauszow.ugnowytarg.pl\/index.php\/wp-json\/wp\/v2\/posts"}],"about":[{"href":"https:\/\/spkrauszow.ugnowytarg.pl\/index.php\/wp-json\/wp\/v2\/types\/post"}],"author":[{"embeddable":true,"href":"https:\/\/spkrauszow.ugnowytarg.pl\/index.php\/wp-json\/wp\/v2\/users\/1"}],"replies":[{"embeddable":true,"href":"https:\/\/spkrauszow.ugnowytarg.pl\/index.php\/wp-json\/wp\/v2\/comments?post=1429"}],"version-history":[{"count":3,"href":"https:\/\/spkrauszow.ugnowytarg.pl\/index.php\/wp-json\/wp\/v2\/posts\/1429\/revisions"}],"predecessor-version":[{"id":1433,"href":"https:\/\/spkrauszow.ugnowytarg.pl\/index.php\/wp-json\/wp\/v2\/posts\/1429\/revisions\/1433"}],"wp:attachment":[{"href":"https:\/\/spkrauszow.ugnowytarg.pl\/index.php\/wp-json\/wp\/v2\/media?parent=1429"}],"wp:term":[{"taxonomy":"category","embeddable":true,"href":"https:\/\/spkrauszow.ugnowytarg.pl\/index.php\/wp-json\/wp\/v2\/categories?post=1429"},{"taxonomy":"post_tag","embeddable":true,"href":"https:\/\/spkrauszow.ugnowytarg.pl\/index.php\/wp-json\/wp\/v2\/tags?post=1429"}],"curies":[{"name":"wp","href":"https:\/\/api.w.org\/{rel}","templated":true}]}}