{"id":13855,"date":"2025-12-15T15:33:04","date_gmt":"2025-12-15T14:33:04","guid":{"rendered":"https:\/\/spkrauszow.ugnowytarg.pl\/?p=13855"},"modified":"2025-12-15T15:35:42","modified_gmt":"2025-12-15T14:35:42","slug":"czuc-swiateczny-klimat-w-oddziale-przedszkolnym-oraz-na-kole-plastycznym","status":"publish","type":"post","link":"https:\/\/spkrauszow.ugnowytarg.pl\/index.php\/2025\/12\/15\/czuc-swiateczny-klimat-w-oddziale-przedszkolnym-oraz-na-kole-plastycznym\/","title":{"rendered":"Czu\u0107 \u015bwi\u0105teczny klimat w oddziale przedszkolnym oraz na kole plastycznym"},"content":{"rendered":"<p>W oddziale przedszkolnym \u015bwi\u0105teczny klimat zago\u015bci\u0142 ju\u017c pod koniec listopada. To w\u0142a\u015bnie wtedy dzieci napisa\u0142y swoje pierwsze listy do \u015awi\u0119tego Miko\u0142aja, a nast\u0119pnie wsp\u00f3lnie wybra\u0142y si\u0119 do sklepu, by kupi\u0107 dla niego smako\u0142yki. Ku ogromnej rado\u015bci najm\u0142odszych \u015aw. Miko\u0142aj zabra\u0142 listy, a nawet zostawi\u0142 po sobie okruszki, jako znak, \u017ce naprawd\u0119 tu by\u0142!<\/p>\n<p>Grudzie\u0144 rozpocz\u0105\u0142 si\u0119 od poznania kalendarza adwentowego, w kt\u00f3rym ka\u017cdego dnia czeka\u0142y na dzieci nowe, radosne zadania. Wizyta \u015awi\u0119tego Miko\u0142aja sprawi\u0142a mn\u00f3stwo frajdy i wywo\u0142a\u0142a wiele u\u015bmiech\u00f3w. Przedszkolaki z zapa\u0142em pracowa\u0142y na \u015bwi\u0105tecznych materia\u0142ach, tworz\u0105c liczne prace plastyczne o bo\u017conarodzeniowej tematyce.<br \/>\nW sali pojawi\u0142a si\u0119 tak\u017ce wyj\u0105tkowa choinka\u2026 udekorowana w\u0142asnor\u0119cznie wykonanymi ozdobami, kt\u00f3re dzieci z dum\u0105 zawiesza\u0142y samodzielnie. Nie zabrak\u0142o r\u00f3wnie\u017c wsp\u00f3lnego ozdabiania piernik\u00f3w. Dzieci wraz z wychowawc\u0105 serdecznie dzi\u0119kuj\u0105 rodzicom z tr\u00f3jki klasowej z oddzia\u0142u przedszkolnego za ich upieczenie. Pierniczki sprawi\u0142y wszystkim przedszkolakom ogromn\u0105 rado\u015b\u0107. \ud83d\ude42<\/p>\n<p>\u015awi\u0105teczny nastr\u00f3j towarzyszy\u0142 nam tak\u017ce podczas czwartkowych zaj\u0119\u0107 ko\u0142a plastycznego. W ramach \u201e\u015bwi\u0105tecznych czwartk\u00f3w\u201d uczniowie samodzielnie wykonali pi\u0119kne kartki dla senior\u00f3w z Krauszowa oraz ozdoby bo\u017conarodzeniowe na szkolny kiermasz \u015bwi\u0105teczny. Odby\u0142o si\u0119 r\u00f3wnie\u017c wsp\u00f3lne ozdabianie piernik\u00f3w. Za przygotowanie smako\u0142yk\u00f3w serdecznie dzi\u0119kujemy Pani Klaudii Bryjak.!<\/p>\n<p>A to jeszcze nie koniec \u015bwi\u0105tecznego miesi\u0105ca\u2026 \ud83d\ude09<\/p>\n<p style=\"text-align: right;\"><span style=\"font-size: 10pt;\">Autor tekstu: Weronika Murzyd\u0142o<\/span><\/p>\n<!-- Final Tiles Grid Gallery for WordPress v3.6.13 free --><style>#ftg-362362 .tile .icon { color:#ffffff; }#ftg-362362 .ftg-items .loading-bar i { background:#666; }#ftg-362362 .ftg-items .loading-bar { background:#fff; }#ftg-362362 .tile .icon { font-size:12px; }#ftg-362362 .tile .icon { margin: -6px 0 0 -6px; }#ftg-362362 .tile .caption-block .text-wrapper span.text { font-size:12px; }#ftg-362362 .tile .caption-outside .text-wrapper span.text { font-size:12px; }#ftg-362362 .tile .caption-block .text-wrapper span.title { font-size:14px; }#ftg-362362 .tile .caption-outside .text-wrapper span.title { font-size:14px; }#ftg-362362 .tile { background-color: transparent; }#ftg-362362 .tile .caption-block .text-wrapper span.text { color: #ffffff; }#ftg-362362 .tile .caption-block .text-wrapper span.title { color: #ffffff; }#ftg-362362 .tile .caption-outside .text-wrapper span.text { color: #ffffff; }#ftg-362362 .tile .caption-outside .text-wrapper span.title { color: #ffffff; }#ftg-362362 .tile .ftg-social a { color: #ffffff; }#ftg-362362 .tile .caption-block { transition-timing-function:linear; }#ftg-362362 .tile .caption-block { transition-duration:0.25s; }#ftg-362362 .tile .tile-inner:before { background-color: #000000; }#ftg-362362 .tile .tile-inner:before { background-color: rgba(0, 0, 0, 0.8); }<\/style><a name=\"362\"><\/a><div class=\"final-tiles-gallery  ftg-hover-enabled caption-inside  caption-none caption-middle caption-center\" id=\"ftg-362362\" style=\"width: 100%\"><div class='ftg-items'><div class='loading-bar'><i><\/i><\/div><div  class='tile ftg-preload  '><a title=\"Swiateczny-klimat-w-oddziale-przedszkolnym-2025_30\" data-lightbox='ftg-362362' rel='ftg-362362'  class=' tile-inner  ftg-lightbox' href='https:\/\/spkrauszow.ugnowytarg.pl\/wp-content\/uploads\/2025\/12\/Swiateczny-klimat-w-oddziale-przedszkolnym-2025_30-1024x768.jpg' ><img alt='Swiateczny-klimat-w-oddziale-przedszkolnym-2025_30' class='item skip-lazy' data-class='item' data-ftg-source='http:\/\/spkrauszow.ugnowytarg.pl\/wp-content\/uploads\/2025\/12\/Swiateczny-klimat-w-oddziale-przedszkolnym-2025_30-1024x768.jpg' src='http:\/\/spkrauszow.ugnowytarg.pl\/wp-content\/uploads\/2025\/12\/Swiateczny-klimat-w-oddziale-przedszkolnym-2025_30-1024x768.jpg' width='1142' height='857' \/><span class='icon fa fa-zoom'><\/span><div class='caption-block'><div class='text-wrapper'><span class='title'>Swiateczny-klimat-w-oddziale-przedszkolnym-2025_30<\/span><\/div><\/div><\/a><div class='ftg-social'><\/div><\/div><div  class='tile ftg-preload  '><a title=\"Swiateczny-klimat-w-oddziale-przedszkolnym-2025_29\" data-lightbox='ftg-362362' rel='ftg-362362'  class=' tile-inner  ftg-lightbox' href='https:\/\/spkrauszow.ugnowytarg.pl\/wp-content\/uploads\/2025\/12\/Swiateczny-klimat-w-oddziale-przedszkolnym-2025_29-1024x768.jpg' ><img alt='Swiateczny-klimat-w-oddziale-przedszkolnym-2025_29' class='item skip-lazy' data-class='item' data-ftg-source='http:\/\/spkrauszow.ugnowytarg.pl\/wp-content\/uploads\/2025\/12\/Swiateczny-klimat-w-oddziale-przedszkolnym-2025_29-1024x768.jpg' src='http:\/\/spkrauszow.ugnowytarg.pl\/wp-content\/uploads\/2025\/12\/Swiateczny-klimat-w-oddziale-przedszkolnym-2025_29-1024x768.jpg' width='1142' height='857' \/><span class='icon fa fa-zoom'><\/span><div class='caption-block'><div class='text-wrapper'><span class='title'>Swiateczny-klimat-w-oddziale-przedszkolnym-2025_29<\/span><\/div><\/div><\/a><div class='ftg-social'><\/div><\/div><div  class='tile ftg-preload  '><a title=\"Swiateczny-klimat-w-oddziale-przedszkolnym-2025_28\" data-lightbox='ftg-362362' rel='ftg-362362'  class=' tile-inner  ftg-lightbox' href='https:\/\/spkrauszow.ugnowytarg.pl\/wp-content\/uploads\/2025\/12\/Swiateczny-klimat-w-oddziale-przedszkolnym-2025_28-768x1024.jpg' ><img alt='Swiateczny-klimat-w-oddziale-przedszkolnym-2025_28' class='item skip-lazy' data-class='item' data-ftg-source='http:\/\/spkrauszow.ugnowytarg.pl\/wp-content\/uploads\/2025\/12\/Swiateczny-klimat-w-oddziale-przedszkolnym-2025_28-768x1024.jpg' src='http:\/\/spkrauszow.ugnowytarg.pl\/wp-content\/uploads\/2025\/12\/Swiateczny-klimat-w-oddziale-przedszkolnym-2025_28-768x1024.jpg' width='857' height='1142' \/><span class='icon fa fa-zoom'><\/span><div class='caption-block'><div class='text-wrapper'><span class='title'>Swiateczny-klimat-w-oddziale-przedszkolnym-2025_28<\/span><\/div><\/div><\/a><div class='ftg-social'><\/div><\/div><div  class='tile ftg-preload  '><a title=\"Swiateczny-klimat-w-oddziale-przedszkolnym-2025_27\" data-lightbox='ftg-362362' rel='ftg-362362'  class=' tile-inner  ftg-lightbox' href='https:\/\/spkrauszow.ugnowytarg.pl\/wp-content\/uploads\/2025\/12\/Swiateczny-klimat-w-oddziale-przedszkolnym-2025_27-768x1024.jpg' ><img alt='Swiateczny-klimat-w-oddziale-przedszkolnym-2025_27' class='item skip-lazy' data-class='item' data-ftg-source='http:\/\/spkrauszow.ugnowytarg.pl\/wp-content\/uploads\/2025\/12\/Swiateczny-klimat-w-oddziale-przedszkolnym-2025_27-768x1024.jpg' src='http:\/\/spkrauszow.ugnowytarg.pl\/wp-content\/uploads\/2025\/12\/Swiateczny-klimat-w-oddziale-przedszkolnym-2025_27-768x1024.jpg' width='857' height='1142' \/><span class='icon fa fa-zoom'><\/span><div class='caption-block'><div class='text-wrapper'><span class='title'>Swiateczny-klimat-w-oddziale-przedszkolnym-2025_27<\/span><\/div><\/div><\/a><div class='ftg-social'><\/div><\/div><div  class='tile ftg-preload  '><a title=\"Swiateczny-klimat-w-oddziale-przedszkolnym-2025_26\" data-lightbox='ftg-362362' rel='ftg-362362'  class=' tile-inner  ftg-lightbox' href='https:\/\/spkrauszow.ugnowytarg.pl\/wp-content\/uploads\/2025\/12\/Swiateczny-klimat-w-oddziale-przedszkolnym-2025_26-1024x768.jpg' ><img alt='Swiateczny-klimat-w-oddziale-przedszkolnym-2025_26' class='item skip-lazy' data-class='item' data-ftg-source='http:\/\/spkrauszow.ugnowytarg.pl\/wp-content\/uploads\/2025\/12\/Swiateczny-klimat-w-oddziale-przedszkolnym-2025_26-1024x768.jpg' src='http:\/\/spkrauszow.ugnowytarg.pl\/wp-content\/uploads\/2025\/12\/Swiateczny-klimat-w-oddziale-przedszkolnym-2025_26-1024x768.jpg' width='1142' height='857' \/><span class='icon fa fa-zoom'><\/span><div class='caption-block'><div class='text-wrapper'><span class='title'>Swiateczny-klimat-w-oddziale-przedszkolnym-2025_26<\/span><\/div><\/div><\/a><div class='ftg-social'><\/div><\/div><div  class='tile ftg-preload  '><a title=\"Swiateczny-klimat-w-oddziale-przedszkolnym-2025_25\" data-lightbox='ftg-362362' rel='ftg-362362'  class=' tile-inner  ftg-lightbox' href='https:\/\/spkrauszow.ugnowytarg.pl\/wp-content\/uploads\/2025\/12\/Swiateczny-klimat-w-oddziale-przedszkolnym-2025_25-768x1024.jpg' ><img alt='Swiateczny-klimat-w-oddziale-przedszkolnym-2025_25' class='item skip-lazy' data-class='item' data-ftg-source='http:\/\/spkrauszow.ugnowytarg.pl\/wp-content\/uploads\/2025\/12\/Swiateczny-klimat-w-oddziale-przedszkolnym-2025_25-768x1024.jpg' src='http:\/\/spkrauszow.ugnowytarg.pl\/wp-content\/uploads\/2025\/12\/Swiateczny-klimat-w-oddziale-przedszkolnym-2025_25-768x1024.jpg' width='857' height='1142' \/><span class='icon fa fa-zoom'><\/span><div class='caption-block'><div class='text-wrapper'><span class='title'>Swiateczny-klimat-w-oddziale-przedszkolnym-2025_25<\/span><\/div><\/div><\/a><div class='ftg-social'><\/div><\/div><div  class='tile ftg-preload  '><a title=\"Swiateczny-klimat-w-oddziale-przedszkolnym-2025_24\" data-lightbox='ftg-362362' rel='ftg-362362'  class=' tile-inner  ftg-lightbox' href='https:\/\/spkrauszow.ugnowytarg.pl\/wp-content\/uploads\/2025\/12\/Swiateczny-klimat-w-oddziale-przedszkolnym-2025_24-1024x768.jpg' ><img alt='Swiateczny-klimat-w-oddziale-przedszkolnym-2025_24' class='item skip-lazy' data-class='item' data-ftg-source='http:\/\/spkrauszow.ugnowytarg.pl\/wp-content\/uploads\/2025\/12\/Swiateczny-klimat-w-oddziale-przedszkolnym-2025_24-1024x768.jpg' src='http:\/\/spkrauszow.ugnowytarg.pl\/wp-content\/uploads\/2025\/12\/Swiateczny-klimat-w-oddziale-przedszkolnym-2025_24-1024x768.jpg' width='1142' height='857' \/><span class='icon fa fa-zoom'><\/span><div class='caption-block'><div class='text-wrapper'><span class='title'>Swiateczny-klimat-w-oddziale-przedszkolnym-2025_24<\/span><\/div><\/div><\/a><div class='ftg-social'><\/div><\/div><div  class='tile ftg-preload  '><a title=\"Swiateczny-klimat-w-oddziale-przedszkolnym-2025_23\" data-lightbox='ftg-362362' rel='ftg-362362'  class=' tile-inner  ftg-lightbox' href='https:\/\/spkrauszow.ugnowytarg.pl\/wp-content\/uploads\/2025\/12\/Swiateczny-klimat-w-oddziale-przedszkolnym-2025_23-799x1024.jpg' ><img alt='Swiateczny-klimat-w-oddziale-przedszkolnym-2025_23' class='item skip-lazy' data-class='item' data-ftg-source='http:\/\/spkrauszow.ugnowytarg.pl\/wp-content\/uploads\/2025\/12\/Swiateczny-klimat-w-oddziale-przedszkolnym-2025_23-799x1024.jpg' src='http:\/\/spkrauszow.ugnowytarg.pl\/wp-content\/uploads\/2025\/12\/Swiateczny-klimat-w-oddziale-przedszkolnym-2025_23-799x1024.jpg' width='854' height='1094' \/><span class='icon fa fa-zoom'><\/span><div class='caption-block'><div class='text-wrapper'><span class='title'>Swiateczny-klimat-w-oddziale-przedszkolnym-2025_23<\/span><\/div><\/div><\/a><div class='ftg-social'><\/div><\/div><div  class='tile ftg-preload  '><a title=\"Swiateczny-klimat-w-oddziale-przedszkolnym-2025_15\" data-lightbox='ftg-362362' rel='ftg-362362'  class=' tile-inner  ftg-lightbox' href='https:\/\/spkrauszow.ugnowytarg.pl\/wp-content\/uploads\/2025\/12\/Swiateczny-klimat-w-oddziale-przedszkolnym-2025_15-768x1024.jpg' ><img alt='Swiateczny-klimat-w-oddziale-przedszkolnym-2025_15' class='item skip-lazy' data-class='item' data-ftg-source='http:\/\/spkrauszow.ugnowytarg.pl\/wp-content\/uploads\/2025\/12\/Swiateczny-klimat-w-oddziale-przedszkolnym-2025_15-768x1024.jpg' src='http:\/\/spkrauszow.ugnowytarg.pl\/wp-content\/uploads\/2025\/12\/Swiateczny-klimat-w-oddziale-przedszkolnym-2025_15-768x1024.jpg' width='857' height='1142' \/><span class='icon fa fa-zoom'><\/span><div class='caption-block'><div class='text-wrapper'><span class='title'>Swiateczny-klimat-w-oddziale-przedszkolnym-2025_15<\/span><\/div><\/div><\/a><div class='ftg-social'><\/div><\/div><div  class='tile ftg-preload  '><a title=\"Swiateczny-klimat-w-oddziale-przedszkolnym-2025_16\" data-lightbox='ftg-362362' rel='ftg-362362'  class=' tile-inner  ftg-lightbox' href='https:\/\/spkrauszow.ugnowytarg.pl\/wp-content\/uploads\/2025\/12\/Swiateczny-klimat-w-oddziale-przedszkolnym-2025_16.jpg' ><img alt='Swiateczny-klimat-w-oddziale-przedszkolnym-2025_16' class='item skip-lazy' data-class='item' data-ftg-source='http:\/\/spkrauszow.ugnowytarg.pl\/wp-content\/uploads\/2025\/12\/Swiateczny-klimat-w-oddziale-przedszkolnym-2025_16.jpg' src='http:\/\/spkrauszow.ugnowytarg.pl\/wp-content\/uploads\/2025\/12\/Swiateczny-klimat-w-oddziale-przedszkolnym-2025_16.jpg' width='605' height='806' \/><span class='icon fa fa-zoom'><\/span><div class='caption-block'><div class='text-wrapper'><span class='title'>Swiateczny-klimat-w-oddziale-przedszkolnym-2025_16<\/span><\/div><\/div><\/a><div class='ftg-social'><\/div><\/div><div  class='tile ftg-preload  '><a title=\"Swiateczny-klimat-w-oddziale-przedszkolnym-2025_17\" data-lightbox='ftg-362362' rel='ftg-362362'  class=' tile-inner  ftg-lightbox' href='https:\/\/spkrauszow.ugnowytarg.pl\/wp-content\/uploads\/2025\/12\/Swiateczny-klimat-w-oddziale-przedszkolnym-2025_17.jpg' ><img alt='Swiateczny-klimat-w-oddziale-przedszkolnym-2025_17' class='item skip-lazy' data-class='item' data-ftg-source='http:\/\/spkrauszow.ugnowytarg.pl\/wp-content\/uploads\/2025\/12\/Swiateczny-klimat-w-oddziale-przedszkolnym-2025_17.jpg' src='http:\/\/spkrauszow.ugnowytarg.pl\/wp-content\/uploads\/2025\/12\/Swiateczny-klimat-w-oddziale-przedszkolnym-2025_17.jpg' width='806' height='605' \/><span class='icon fa fa-zoom'><\/span><div class='caption-block'><div class='text-wrapper'><span class='title'>Swiateczny-klimat-w-oddziale-przedszkolnym-2025_17<\/span><\/div><\/div><\/a><div class='ftg-social'><\/div><\/div><div  class='tile ftg-preload  '><a title=\"Swiateczny-klimat-w-oddziale-przedszkolnym-2025_18\" data-lightbox='ftg-362362' rel='ftg-362362'  class=' tile-inner  ftg-lightbox' href='https:\/\/spkrauszow.ugnowytarg.pl\/wp-content\/uploads\/2025\/12\/Swiateczny-klimat-w-oddziale-przedszkolnym-2025_18.jpg' ><img alt='Swiateczny-klimat-w-oddziale-przedszkolnym-2025_18' class='item skip-lazy' data-class='item' data-ftg-source='http:\/\/spkrauszow.ugnowytarg.pl\/wp-content\/uploads\/2025\/12\/Swiateczny-klimat-w-oddziale-przedszkolnym-2025_18.jpg' src='http:\/\/spkrauszow.ugnowytarg.pl\/wp-content\/uploads\/2025\/12\/Swiateczny-klimat-w-oddziale-przedszkolnym-2025_18.jpg' width='605' height='806' \/><span class='icon fa fa-zoom'><\/span><div class='caption-block'><div class='text-wrapper'><span class='title'>Swiateczny-klimat-w-oddziale-przedszkolnym-2025_18<\/span><\/div><\/div><\/a><div class='ftg-social'><\/div><\/div><div  class='tile ftg-preload  '><a title=\"Swiateczny-klimat-w-oddziale-przedszkolnym-2025_19\" data-lightbox='ftg-362362' rel='ftg-362362'  class=' tile-inner  ftg-lightbox' href='https:\/\/spkrauszow.ugnowytarg.pl\/wp-content\/uploads\/2025\/12\/Swiateczny-klimat-w-oddziale-przedszkolnym-2025_19-768x1024.jpg' ><img alt='Swiateczny-klimat-w-oddziale-przedszkolnym-2025_19' class='item skip-lazy' data-class='item' data-ftg-source='http:\/\/spkrauszow.ugnowytarg.pl\/wp-content\/uploads\/2025\/12\/Swiateczny-klimat-w-oddziale-przedszkolnym-2025_19-768x1024.jpg' src='http:\/\/spkrauszow.ugnowytarg.pl\/wp-content\/uploads\/2025\/12\/Swiateczny-klimat-w-oddziale-przedszkolnym-2025_19-768x1024.jpg' width='857' height='1142' \/><span class='icon fa fa-zoom'><\/span><div class='caption-block'><div class='text-wrapper'><span class='title'>Swiateczny-klimat-w-oddziale-przedszkolnym-2025_19<\/span><\/div><\/div><\/a><div class='ftg-social'><\/div><\/div><div  class='tile ftg-preload  '><a title=\"Swiateczny-klimat-w-oddziale-przedszkolnym-2025_20\" data-lightbox='ftg-362362' rel='ftg-362362'  class=' tile-inner  ftg-lightbox' href='https:\/\/spkrauszow.ugnowytarg.pl\/wp-content\/uploads\/2025\/12\/Swiateczny-klimat-w-oddziale-przedszkolnym-2025_20-1024x768.jpg' ><img alt='Swiateczny-klimat-w-oddziale-przedszkolnym-2025_20' class='item skip-lazy' data-class='item' data-ftg-source='http:\/\/spkrauszow.ugnowytarg.pl\/wp-content\/uploads\/2025\/12\/Swiateczny-klimat-w-oddziale-przedszkolnym-2025_20-1024x768.jpg' src='http:\/\/spkrauszow.ugnowytarg.pl\/wp-content\/uploads\/2025\/12\/Swiateczny-klimat-w-oddziale-przedszkolnym-2025_20-1024x768.jpg' width='1142' height='857' \/><span class='icon fa fa-zoom'><\/span><div class='caption-block'><div class='text-wrapper'><span class='title'>Swiateczny-klimat-w-oddziale-przedszkolnym-2025_20<\/span><\/div><\/div><\/a><div class='ftg-social'><\/div><\/div><div  class='tile ftg-preload  '><a title=\"Swiateczny-klimat-w-oddziale-przedszkolnym-2025_21\" data-lightbox='ftg-362362' rel='ftg-362362'  class=' tile-inner  ftg-lightbox' href='https:\/\/spkrauszow.ugnowytarg.pl\/wp-content\/uploads\/2025\/12\/Swiateczny-klimat-w-oddziale-przedszkolnym-2025_21-1024x768.jpg' ><img alt='Swiateczny-klimat-w-oddziale-przedszkolnym-2025_21' class='item skip-lazy' data-class='item' data-ftg-source='http:\/\/spkrauszow.ugnowytarg.pl\/wp-content\/uploads\/2025\/12\/Swiateczny-klimat-w-oddziale-przedszkolnym-2025_21-1024x768.jpg' src='http:\/\/spkrauszow.ugnowytarg.pl\/wp-content\/uploads\/2025\/12\/Swiateczny-klimat-w-oddziale-przedszkolnym-2025_21-1024x768.jpg' width='1142' height='857' \/><span class='icon fa fa-zoom'><\/span><div class='caption-block'><div class='text-wrapper'><span class='title'>Swiateczny-klimat-w-oddziale-przedszkolnym-2025_21<\/span><\/div><\/div><\/a><div class='ftg-social'><\/div><\/div><div  class='tile ftg-preload  '><a title=\"Swiateczny-klimat-w-oddziale-przedszkolnym-2025_22\" data-lightbox='ftg-362362' rel='ftg-362362'  class=' tile-inner  ftg-lightbox' href='https:\/\/spkrauszow.ugnowytarg.pl\/wp-content\/uploads\/2025\/12\/Swiateczny-klimat-w-oddziale-przedszkolnym-2025_22-768x1024.jpg' ><img alt='Swiateczny-klimat-w-oddziale-przedszkolnym-2025_22' class='item skip-lazy' data-class='item' data-ftg-source='http:\/\/spkrauszow.ugnowytarg.pl\/wp-content\/uploads\/2025\/12\/Swiateczny-klimat-w-oddziale-przedszkolnym-2025_22-768x1024.jpg' src='http:\/\/spkrauszow.ugnowytarg.pl\/wp-content\/uploads\/2025\/12\/Swiateczny-klimat-w-oddziale-przedszkolnym-2025_22-768x1024.jpg' width='857' height='1142' \/><span class='icon fa fa-zoom'><\/span><div class='caption-block'><div class='text-wrapper'><span class='title'>Swiateczny-klimat-w-oddziale-przedszkolnym-2025_22<\/span><\/div><\/div><\/a><div class='ftg-social'><\/div><\/div><div  class='tile ftg-preload  '><a title=\"Swiateczny-klimat-w-oddziale-przedszkolnym-2025_14\" data-lightbox='ftg-362362' rel='ftg-362362'  class=' tile-inner  ftg-lightbox' href='https:\/\/spkrauszow.ugnowytarg.pl\/wp-content\/uploads\/2025\/12\/Swiateczny-klimat-w-oddziale-przedszkolnym-2025_14-1024x768.jpg' ><img alt='Swiateczny-klimat-w-oddziale-przedszkolnym-2025_14' class='item skip-lazy' data-class='item' data-ftg-source='http:\/\/spkrauszow.ugnowytarg.pl\/wp-content\/uploads\/2025\/12\/Swiateczny-klimat-w-oddziale-przedszkolnym-2025_14-1024x768.jpg' src='http:\/\/spkrauszow.ugnowytarg.pl\/wp-content\/uploads\/2025\/12\/Swiateczny-klimat-w-oddziale-przedszkolnym-2025_14-1024x768.jpg' width='1142' height='857' \/><span class='icon fa fa-zoom'><\/span><div class='caption-block'><div class='text-wrapper'><span class='title'>Swiateczny-klimat-w-oddziale-przedszkolnym-2025_14<\/span><\/div><\/div><\/a><div class='ftg-social'><\/div><\/div><div  class='tile ftg-preload  '><a title=\"Swiateczny-klimat-w-oddziale-przedszkolnym-2025_13\" data-lightbox='ftg-362362' rel='ftg-362362'  class=' tile-inner  ftg-lightbox' href='https:\/\/spkrauszow.ugnowytarg.pl\/wp-content\/uploads\/2025\/12\/Swiateczny-klimat-w-oddziale-przedszkolnym-2025_13-1024x768.jpg' ><img alt='Swiateczny-klimat-w-oddziale-przedszkolnym-2025_13' class='item skip-lazy' data-class='item' data-ftg-source='http:\/\/spkrauszow.ugnowytarg.pl\/wp-content\/uploads\/2025\/12\/Swiateczny-klimat-w-oddziale-przedszkolnym-2025_13-1024x768.jpg' src='http:\/\/spkrauszow.ugnowytarg.pl\/wp-content\/uploads\/2025\/12\/Swiateczny-klimat-w-oddziale-przedszkolnym-2025_13-1024x768.jpg' width='1142' height='857' \/><span class='icon fa fa-zoom'><\/span><div class='caption-block'><div class='text-wrapper'><span class='title'>Swiateczny-klimat-w-oddziale-przedszkolnym-2025_13<\/span><\/div><\/div><\/a><div class='ftg-social'><\/div><\/div><div  class='tile ftg-preload  '><a title=\"Swiateczny-klimat-w-oddziale-przedszkolnym-2025_12\" data-lightbox='ftg-362362' rel='ftg-362362'  class=' tile-inner  ftg-lightbox' href='https:\/\/spkrauszow.ugnowytarg.pl\/wp-content\/uploads\/2025\/12\/Swiateczny-klimat-w-oddziale-przedszkolnym-2025_12-1024x768.jpg' ><img alt='Swiateczny-klimat-w-oddziale-przedszkolnym-2025_12' class='item skip-lazy' data-class='item' data-ftg-source='http:\/\/spkrauszow.ugnowytarg.pl\/wp-content\/uploads\/2025\/12\/Swiateczny-klimat-w-oddziale-przedszkolnym-2025_12-1024x768.jpg' src='http:\/\/spkrauszow.ugnowytarg.pl\/wp-content\/uploads\/2025\/12\/Swiateczny-klimat-w-oddziale-przedszkolnym-2025_12-1024x768.jpg' width='1142' height='857' \/><span class='icon fa fa-zoom'><\/span><div class='caption-block'><div class='text-wrapper'><span class='title'>Swiateczny-klimat-w-oddziale-przedszkolnym-2025_12<\/span><\/div><\/div><\/a><div class='ftg-social'><\/div><\/div><div  class='tile ftg-preload  '><a title=\"Swiateczny-klimat-w-oddziale-przedszkolnym-2025_11\" data-lightbox='ftg-362362' rel='ftg-362362'  class=' tile-inner  ftg-lightbox' href='https:\/\/spkrauszow.ugnowytarg.pl\/wp-content\/uploads\/2025\/12\/Swiateczny-klimat-w-oddziale-przedszkolnym-2025_11-768x1024.jpg' ><img alt='Swiateczny-klimat-w-oddziale-przedszkolnym-2025_11' class='item skip-lazy' data-class='item' data-ftg-source='http:\/\/spkrauszow.ugnowytarg.pl\/wp-content\/uploads\/2025\/12\/Swiateczny-klimat-w-oddziale-przedszkolnym-2025_11-768x1024.jpg' src='http:\/\/spkrauszow.ugnowytarg.pl\/wp-content\/uploads\/2025\/12\/Swiateczny-klimat-w-oddziale-przedszkolnym-2025_11-768x1024.jpg' width='857' height='1142' \/><span class='icon fa fa-zoom'><\/span><div class='caption-block'><div class='text-wrapper'><span class='title'>Swiateczny-klimat-w-oddziale-przedszkolnym-2025_11<\/span><\/div><\/div><\/a><div class='ftg-social'><\/div><\/div><div  class='tile ftg-preload  '><a title=\"Swiateczny-klimat-w-oddziale-przedszkolnym-2025_10\" data-lightbox='ftg-362362' rel='ftg-362362'  class=' tile-inner  ftg-lightbox' href='https:\/\/spkrauszow.ugnowytarg.pl\/wp-content\/uploads\/2025\/12\/Swiateczny-klimat-w-oddziale-przedszkolnym-2025_10-768x1024.jpg' ><img alt='Swiateczny-klimat-w-oddziale-przedszkolnym-2025_10' class='item skip-lazy' data-class='item' data-ftg-source='http:\/\/spkrauszow.ugnowytarg.pl\/wp-content\/uploads\/2025\/12\/Swiateczny-klimat-w-oddziale-przedszkolnym-2025_10-768x1024.jpg' src='http:\/\/spkrauszow.ugnowytarg.pl\/wp-content\/uploads\/2025\/12\/Swiateczny-klimat-w-oddziale-przedszkolnym-2025_10-768x1024.jpg' width='857' height='1142' \/><span class='icon fa fa-zoom'><\/span><div class='caption-block'><div class='text-wrapper'><span class='title'>Swiateczny-klimat-w-oddziale-przedszkolnym-2025_10<\/span><\/div><\/div><\/a><div class='ftg-social'><\/div><\/div><div  class='tile ftg-preload  '><a title=\"Swiateczny-klimat-w-oddziale-przedszkolnym-2025_9\" data-lightbox='ftg-362362' rel='ftg-362362'  class=' tile-inner  ftg-lightbox' href='https:\/\/spkrauszow.ugnowytarg.pl\/wp-content\/uploads\/2025\/12\/Swiateczny-klimat-w-oddziale-przedszkolnym-2025_9-1024x768.jpg' ><img alt='Swiateczny-klimat-w-oddziale-przedszkolnym-2025_9' class='item skip-lazy' data-class='item' data-ftg-source='http:\/\/spkrauszow.ugnowytarg.pl\/wp-content\/uploads\/2025\/12\/Swiateczny-klimat-w-oddziale-przedszkolnym-2025_9-1024x768.jpg' src='http:\/\/spkrauszow.ugnowytarg.pl\/wp-content\/uploads\/2025\/12\/Swiateczny-klimat-w-oddziale-przedszkolnym-2025_9-1024x768.jpg' width='1142' height='857' \/><span class='icon fa fa-zoom'><\/span><div class='caption-block'><div class='text-wrapper'><span class='title'>Swiateczny-klimat-w-oddziale-przedszkolnym-2025_9<\/span><\/div><\/div><\/a><div class='ftg-social'><\/div><\/div><div  class='tile ftg-preload  '><a title=\"Swiateczny-klimat-w-oddziale-przedszkolnym-2025_8\" data-lightbox='ftg-362362' rel='ftg-362362'  class=' tile-inner  ftg-lightbox' href='https:\/\/spkrauszow.ugnowytarg.pl\/wp-content\/uploads\/2025\/12\/Swiateczny-klimat-w-oddziale-przedszkolnym-2025_8-1024x768.jpg' ><img alt='Swiateczny-klimat-w-oddziale-przedszkolnym-2025_8' class='item skip-lazy' data-class='item' data-ftg-source='http:\/\/spkrauszow.ugnowytarg.pl\/wp-content\/uploads\/2025\/12\/Swiateczny-klimat-w-oddziale-przedszkolnym-2025_8-1024x768.jpg' src='http:\/\/spkrauszow.ugnowytarg.pl\/wp-content\/uploads\/2025\/12\/Swiateczny-klimat-w-oddziale-przedszkolnym-2025_8-1024x768.jpg' width='1142' height='857' \/><span class='icon fa fa-zoom'><\/span><div class='caption-block'><div class='text-wrapper'><span class='title'>Swiateczny-klimat-w-oddziale-przedszkolnym-2025_8<\/span><\/div><\/div><\/a><div class='ftg-social'><\/div><\/div><div  class='tile ftg-preload  '><a title=\"Swiateczny-klimat-w-oddziale-przedszkolnym-2025_7\" data-lightbox='ftg-362362' rel='ftg-362362'  class=' tile-inner  ftg-lightbox' href='https:\/\/spkrauszow.ugnowytarg.pl\/wp-content\/uploads\/2025\/12\/Swiateczny-klimat-w-oddziale-przedszkolnym-2025_7-1024x768.jpg' ><img alt='Swiateczny-klimat-w-oddziale-przedszkolnym-2025_7' class='item skip-lazy' data-class='item' data-ftg-source='http:\/\/spkrauszow.ugnowytarg.pl\/wp-content\/uploads\/2025\/12\/Swiateczny-klimat-w-oddziale-przedszkolnym-2025_7-1024x768.jpg' src='http:\/\/spkrauszow.ugnowytarg.pl\/wp-content\/uploads\/2025\/12\/Swiateczny-klimat-w-oddziale-przedszkolnym-2025_7-1024x768.jpg' width='1142' height='857' \/><span class='icon fa fa-zoom'><\/span><div class='caption-block'><div class='text-wrapper'><span class='title'>Swiateczny-klimat-w-oddziale-przedszkolnym-2025_7<\/span><\/div><\/div><\/a><div class='ftg-social'><\/div><\/div><div  class='tile ftg-preload  '><a title=\"Swiateczny-klimat-w-oddziale-przedszkolnym-2025_1\" data-lightbox='ftg-362362' rel='ftg-362362'  class=' tile-inner  ftg-lightbox' href='https:\/\/spkrauszow.ugnowytarg.pl\/wp-content\/uploads\/2025\/12\/Swiateczny-klimat-w-oddziale-przedszkolnym-2025_1-1024x768.jpg' ><img alt='Swiateczny-klimat-w-oddziale-przedszkolnym-2025_1' class='item skip-lazy' data-class='item' data-ftg-source='http:\/\/spkrauszow.ugnowytarg.pl\/wp-content\/uploads\/2025\/12\/Swiateczny-klimat-w-oddziale-przedszkolnym-2025_1-1024x768.jpg' src='http:\/\/spkrauszow.ugnowytarg.pl\/wp-content\/uploads\/2025\/12\/Swiateczny-klimat-w-oddziale-przedszkolnym-2025_1-1024x768.jpg' width='1142' height='857' \/><span class='icon fa fa-zoom'><\/span><div class='caption-block'><div class='text-wrapper'><span class='title'>Swiateczny-klimat-w-oddziale-przedszkolnym-2025_1<\/span><\/div><\/div><\/a><div class='ftg-social'><\/div><\/div><div  class='tile ftg-preload  '><a title=\"Swiateczny-klimat-w-oddziale-przedszkolnym-2025_2\" data-lightbox='ftg-362362' rel='ftg-362362'  class=' tile-inner  ftg-lightbox' href='https:\/\/spkrauszow.ugnowytarg.pl\/wp-content\/uploads\/2025\/12\/Swiateczny-klimat-w-oddziale-przedszkolnym-2025_2-768x1024.jpg' ><img alt='Swiateczny-klimat-w-oddziale-przedszkolnym-2025_2' class='item skip-lazy' data-class='item' data-ftg-source='http:\/\/spkrauszow.ugnowytarg.pl\/wp-content\/uploads\/2025\/12\/Swiateczny-klimat-w-oddziale-przedszkolnym-2025_2-768x1024.jpg' src='http:\/\/spkrauszow.ugnowytarg.pl\/wp-content\/uploads\/2025\/12\/Swiateczny-klimat-w-oddziale-przedszkolnym-2025_2-768x1024.jpg' width='857' height='1142' \/><span class='icon fa fa-zoom'><\/span><div class='caption-block'><div class='text-wrapper'><span class='title'>Swiateczny-klimat-w-oddziale-przedszkolnym-2025_2<\/span><\/div><\/div><\/a><div class='ftg-social'><\/div><\/div><div  class='tile ftg-preload  '><a title=\"Swiateczny-klimat-w-oddziale-przedszkolnym-2025_3\" data-lightbox='ftg-362362' rel='ftg-362362'  class=' tile-inner  ftg-lightbox' href='https:\/\/spkrauszow.ugnowytarg.pl\/wp-content\/uploads\/2025\/12\/Swiateczny-klimat-w-oddziale-przedszkolnym-2025_3-768x1024.jpg' ><img alt='Swiateczny-klimat-w-oddziale-przedszkolnym-2025_3' class='item skip-lazy' data-class='item' data-ftg-source='http:\/\/spkrauszow.ugnowytarg.pl\/wp-content\/uploads\/2025\/12\/Swiateczny-klimat-w-oddziale-przedszkolnym-2025_3-768x1024.jpg' src='http:\/\/spkrauszow.ugnowytarg.pl\/wp-content\/uploads\/2025\/12\/Swiateczny-klimat-w-oddziale-przedszkolnym-2025_3-768x1024.jpg' width='857' height='1142' \/><span class='icon fa fa-zoom'><\/span><div class='caption-block'><div class='text-wrapper'><span class='title'>Swiateczny-klimat-w-oddziale-przedszkolnym-2025_3<\/span><\/div><\/div><\/a><div class='ftg-social'><\/div><\/div><div  class='tile ftg-preload  '><a title=\"Swiateczny-klimat-w-oddziale-przedszkolnym-2025_4\" data-lightbox='ftg-362362' rel='ftg-362362'  class=' tile-inner  ftg-lightbox' href='https:\/\/spkrauszow.ugnowytarg.pl\/wp-content\/uploads\/2025\/12\/Swiateczny-klimat-w-oddziale-przedszkolnym-2025_4-768x1024.jpg' ><img alt='Swiateczny-klimat-w-oddziale-przedszkolnym-2025_4' class='item skip-lazy' data-class='item' data-ftg-source='http:\/\/spkrauszow.ugnowytarg.pl\/wp-content\/uploads\/2025\/12\/Swiateczny-klimat-w-oddziale-przedszkolnym-2025_4-768x1024.jpg' src='http:\/\/spkrauszow.ugnowytarg.pl\/wp-content\/uploads\/2025\/12\/Swiateczny-klimat-w-oddziale-przedszkolnym-2025_4-768x1024.jpg' width='857' height='1142' \/><span class='icon fa fa-zoom'><\/span><div class='caption-block'><div class='text-wrapper'><span class='title'>Swiateczny-klimat-w-oddziale-przedszkolnym-2025_4<\/span><\/div><\/div><\/a><div class='ftg-social'><\/div><\/div><div  class='tile ftg-preload  '><a title=\"Swiateczny-klimat-w-oddziale-przedszkolnym-2025_5\" data-lightbox='ftg-362362' rel='ftg-362362'  class=' tile-inner  ftg-lightbox' href='https:\/\/spkrauszow.ugnowytarg.pl\/wp-content\/uploads\/2025\/12\/Swiateczny-klimat-w-oddziale-przedszkolnym-2025_5-1024x768.jpg' ><img alt='Swiateczny-klimat-w-oddziale-przedszkolnym-2025_5' class='item skip-lazy' data-class='item' data-ftg-source='http:\/\/spkrauszow.ugnowytarg.pl\/wp-content\/uploads\/2025\/12\/Swiateczny-klimat-w-oddziale-przedszkolnym-2025_5-1024x768.jpg' src='http:\/\/spkrauszow.ugnowytarg.pl\/wp-content\/uploads\/2025\/12\/Swiateczny-klimat-w-oddziale-przedszkolnym-2025_5-1024x768.jpg' width='1142' height='857' \/><span class='icon fa fa-zoom'><\/span><div class='caption-block'><div class='text-wrapper'><span class='title'>Swiateczny-klimat-w-oddziale-przedszkolnym-2025_5<\/span><\/div><\/div><\/a><div class='ftg-social'><\/div><\/div><div  class='tile ftg-preload  '><a title=\"Swiateczny-klimat-w-oddziale-przedszkolnym-2025_6\" data-lightbox='ftg-362362' rel='ftg-362362'  class=' tile-inner  ftg-lightbox' href='https:\/\/spkrauszow.ugnowytarg.pl\/wp-content\/uploads\/2025\/12\/Swiateczny-klimat-w-oddziale-przedszkolnym-2025_6-768x1024.jpg' ><img alt='Swiateczny-klimat-w-oddziale-przedszkolnym-2025_6' class='item skip-lazy' data-class='item' data-ftg-source='http:\/\/spkrauszow.ugnowytarg.pl\/wp-content\/uploads\/2025\/12\/Swiateczny-klimat-w-oddziale-przedszkolnym-2025_6-768x1024.jpg' src='http:\/\/spkrauszow.ugnowytarg.pl\/wp-content\/uploads\/2025\/12\/Swiateczny-klimat-w-oddziale-przedszkolnym-2025_6-768x1024.jpg' width='857' height='1142' \/><span class='icon fa fa-zoom'><\/span><div class='caption-block'><div class='text-wrapper'><span class='title'>Swiateczny-klimat-w-oddziale-przedszkolnym-2025_6<\/span><\/div><\/div><\/a><div class='ftg-social'><\/div><\/div><\/div><\/div>\n","protected":false},"excerpt":{"rendered":"<p>W oddziale przedszkolnym \u015bwi\u0105teczny klimat zago\u015bci\u0142 ju\u017c pod koniec listopada. To w\u0142a\u015bnie wtedy dzieci napisa\u0142y swoje pierwsze listy do \u015awi\u0119tego Miko\u0142aja, a nast\u0119pnie wsp\u00f3lnie wybra\u0142y si\u0119 do sklepu, by kupi\u0107 dla niego smako\u0142yki. Ku ogromnej rado\u015bci najm\u0142odszych \u015aw. Miko\u0142aj zabra\u0142 <a href=\"https:\/\/spkrauszow.ugnowytarg.pl\/index.php\/2025\/12\/15\/czuc-swiateczny-klimat-w-oddziale-przedszkolnym-oraz-na-kole-plastycznym\/\" class=\"read-more\">Czytaj wi\u0119cej &#8230;<\/a><\/p>\n","protected":false},"author":1,"featured_media":0,"comment_status":"closed","ping_status":"open","sticky":false,"template":"","format":"standard","meta":[],"categories":[43],"tags":[],"yoast_head":"<!-- This site is optimized with the Yoast SEO plugin v20.4 - https:\/\/yoast.com\/wordpress\/plugins\/seo\/ -->\n<title>Czu\u0107 \u015bwi\u0105teczny klimat w oddziale przedszkolnym oraz na kole plastycznym - SP KRAUSZ\u00d3W<\/title>\n<meta name=\"robots\" content=\"index, follow, max-snippet:-1, max-image-preview:large, max-video-preview:-1\" \/>\n<link rel=\"canonical\" href=\"https:\/\/spkrauszow.ugnowytarg.pl\/index.php\/2025\/12\/15\/czuc-swiateczny-klimat-w-oddziale-przedszkolnym-oraz-na-kole-plastycznym\/\" \/>\n<meta property=\"og:locale\" content=\"pl_PL\" \/>\n<meta property=\"og:type\" content=\"article\" \/>\n<meta property=\"og:title\" content=\"Czu\u0107 \u015bwi\u0105teczny klimat w oddziale przedszkolnym oraz na kole plastycznym - SP KRAUSZ\u00d3W\" \/>\n<meta property=\"og:description\" content=\"W oddziale przedszkolnym \u015bwi\u0105teczny klimat zago\u015bci\u0142 ju\u017c pod koniec listopada. To w\u0142a\u015bnie wtedy dzieci napisa\u0142y swoje pierwsze listy do \u015awi\u0119tego Miko\u0142aja, a nast\u0119pnie wsp\u00f3lnie wybra\u0142y si\u0119 do sklepu, by kupi\u0107 dla niego smako\u0142yki. Ku ogromnej rado\u015bci najm\u0142odszych \u015aw. Miko\u0142aj zabra\u0142 Czytaj wi\u0119cej ...\" \/>\n<meta property=\"og:url\" content=\"https:\/\/spkrauszow.ugnowytarg.pl\/index.php\/2025\/12\/15\/czuc-swiateczny-klimat-w-oddziale-przedszkolnym-oraz-na-kole-plastycznym\/\" \/>\n<meta property=\"og:site_name\" content=\"SP KRAUSZ\u00d3W\" \/>\n<meta property=\"article:published_time\" content=\"2025-12-15T14:33:04+00:00\" \/>\n<meta property=\"article:modified_time\" content=\"2025-12-15T14:35:42+00:00\" \/>\n<meta name=\"author\" content=\"admin\" \/>\n<meta name=\"twitter:card\" content=\"summary_large_image\" \/>\n<meta name=\"twitter:label1\" content=\"Napisane przez\" \/>\n\t<meta name=\"twitter:data1\" content=\"admin\" \/>\n\t<meta name=\"twitter:label2\" content=\"Szacowany czas czytania\" \/>\n\t<meta name=\"twitter:data2\" content=\"2 minuty\" \/>\n<script type=\"application\/ld+json\" class=\"yoast-schema-graph\">{\"@context\":\"https:\/\/schema.org\",\"@graph\":[{\"@type\":\"WebPage\",\"@id\":\"https:\/\/spkrauszow.ugnowytarg.pl\/index.php\/2025\/12\/15\/czuc-swiateczny-klimat-w-oddziale-przedszkolnym-oraz-na-kole-plastycznym\/\",\"url\":\"https:\/\/spkrauszow.ugnowytarg.pl\/index.php\/2025\/12\/15\/czuc-swiateczny-klimat-w-oddziale-przedszkolnym-oraz-na-kole-plastycznym\/\",\"name\":\"Czu\u0107 \u015bwi\u0105teczny klimat w oddziale przedszkolnym oraz na kole plastycznym - SP KRAUSZ\u00d3W\",\"isPartOf\":{\"@id\":\"https:\/\/spkrauszow.ugnowytarg.pl\/#website\"},\"datePublished\":\"2025-12-15T14:33:04+00:00\",\"dateModified\":\"2025-12-15T14:35:42+00:00\",\"author\":{\"@id\":\"https:\/\/spkrauszow.ugnowytarg.pl\/#\/schema\/person\/0b1c96abf20ea256c90bbb48daf698c4\"},\"breadcrumb\":{\"@id\":\"https:\/\/spkrauszow.ugnowytarg.pl\/index.php\/2025\/12\/15\/czuc-swiateczny-klimat-w-oddziale-przedszkolnym-oraz-na-kole-plastycznym\/#breadcrumb\"},\"inLanguage\":\"pl-PL\",\"potentialAction\":[{\"@type\":\"ReadAction\",\"target\":[\"https:\/\/spkrauszow.ugnowytarg.pl\/index.php\/2025\/12\/15\/czuc-swiateczny-klimat-w-oddziale-przedszkolnym-oraz-na-kole-plastycznym\/\"]}]},{\"@type\":\"BreadcrumbList\",\"@id\":\"https:\/\/spkrauszow.ugnowytarg.pl\/index.php\/2025\/12\/15\/czuc-swiateczny-klimat-w-oddziale-przedszkolnym-oraz-na-kole-plastycznym\/#breadcrumb\",\"itemListElement\":[{\"@type\":\"ListItem\",\"position\":1,\"name\":\"Strona g\u0142\u00f3wna\",\"item\":\"https:\/\/spkrauszow.ugnowytarg.pl\/\"},{\"@type\":\"ListItem\",\"position\":2,\"name\":\"Czu\u0107 \u015bwi\u0105teczny klimat w oddziale przedszkolnym oraz na kole plastycznym\"}]},{\"@type\":\"WebSite\",\"@id\":\"https:\/\/spkrauszow.ugnowytarg.pl\/#website\",\"url\":\"https:\/\/spkrauszow.ugnowytarg.pl\/\",\"name\":\"SP KRAUSZ\u00d3W\",\"description\":\"\",\"potentialAction\":[{\"@type\":\"SearchAction\",\"target\":{\"@type\":\"EntryPoint\",\"urlTemplate\":\"https:\/\/spkrauszow.ugnowytarg.pl\/?s={search_term_string}\"},\"query-input\":\"required name=search_term_string\"}],\"inLanguage\":\"pl-PL\"},{\"@type\":\"Person\",\"@id\":\"https:\/\/spkrauszow.ugnowytarg.pl\/#\/schema\/person\/0b1c96abf20ea256c90bbb48daf698c4\",\"name\":\"admin\",\"image\":{\"@type\":\"ImageObject\",\"inLanguage\":\"pl-PL\",\"@id\":\"https:\/\/spkrauszow.ugnowytarg.pl\/#\/schema\/person\/image\/\",\"url\":\"https:\/\/secure.gravatar.com\/avatar\/422745ea88bd165873c9ef257e6387ed?s=96&d=mm&r=g\",\"contentUrl\":\"https:\/\/secure.gravatar.com\/avatar\/422745ea88bd165873c9ef257e6387ed?s=96&d=mm&r=g\",\"caption\":\"admin\"},\"sameAs\":[\"http:\/\/spkrauszow.ugnowytarg.pl\"],\"url\":\"https:\/\/spkrauszow.ugnowytarg.pl\/index.php\/author\/admin\/\"}]}<\/script>\n<!-- \/ Yoast SEO plugin. -->","yoast_head_json":{"title":"Czu\u0107 \u015bwi\u0105teczny klimat w oddziale przedszkolnym oraz na kole plastycznym - SP KRAUSZ\u00d3W","robots":{"index":"index","follow":"follow","max-snippet":"max-snippet:-1","max-image-preview":"max-image-preview:large","max-video-preview":"max-video-preview:-1"},"canonical":"https:\/\/spkrauszow.ugnowytarg.pl\/index.php\/2025\/12\/15\/czuc-swiateczny-klimat-w-oddziale-przedszkolnym-oraz-na-kole-plastycznym\/","og_locale":"pl_PL","og_type":"article","og_title":"Czu\u0107 \u015bwi\u0105teczny klimat w oddziale przedszkolnym oraz na kole plastycznym - SP KRAUSZ\u00d3W","og_description":"W oddziale przedszkolnym \u015bwi\u0105teczny klimat zago\u015bci\u0142 ju\u017c pod koniec listopada. To w\u0142a\u015bnie wtedy dzieci napisa\u0142y swoje pierwsze listy do \u015awi\u0119tego Miko\u0142aja, a nast\u0119pnie wsp\u00f3lnie wybra\u0142y si\u0119 do sklepu, by kupi\u0107 dla niego smako\u0142yki. Ku ogromnej rado\u015bci najm\u0142odszych \u015aw. Miko\u0142aj zabra\u0142 Czytaj wi\u0119cej ...","og_url":"https:\/\/spkrauszow.ugnowytarg.pl\/index.php\/2025\/12\/15\/czuc-swiateczny-klimat-w-oddziale-przedszkolnym-oraz-na-kole-plastycznym\/","og_site_name":"SP KRAUSZ\u00d3W","article_published_time":"2025-12-15T14:33:04+00:00","article_modified_time":"2025-12-15T14:35:42+00:00","author":"admin","twitter_card":"summary_large_image","twitter_misc":{"Napisane przez":"admin","Szacowany czas czytania":"2 minuty"},"schema":{"@context":"https:\/\/schema.org","@graph":[{"@type":"WebPage","@id":"https:\/\/spkrauszow.ugnowytarg.pl\/index.php\/2025\/12\/15\/czuc-swiateczny-klimat-w-oddziale-przedszkolnym-oraz-na-kole-plastycznym\/","url":"https:\/\/spkrauszow.ugnowytarg.pl\/index.php\/2025\/12\/15\/czuc-swiateczny-klimat-w-oddziale-przedszkolnym-oraz-na-kole-plastycznym\/","name":"Czu\u0107 \u015bwi\u0105teczny klimat w oddziale przedszkolnym oraz na kole plastycznym - SP KRAUSZ\u00d3W","isPartOf":{"@id":"https:\/\/spkrauszow.ugnowytarg.pl\/#website"},"datePublished":"2025-12-15T14:33:04+00:00","dateModified":"2025-12-15T14:35:42+00:00","author":{"@id":"https:\/\/spkrauszow.ugnowytarg.pl\/#\/schema\/person\/0b1c96abf20ea256c90bbb48daf698c4"},"breadcrumb":{"@id":"https:\/\/spkrauszow.ugnowytarg.pl\/index.php\/2025\/12\/15\/czuc-swiateczny-klimat-w-oddziale-przedszkolnym-oraz-na-kole-plastycznym\/#breadcrumb"},"inLanguage":"pl-PL","potentialAction":[{"@type":"ReadAction","target":["https:\/\/spkrauszow.ugnowytarg.pl\/index.php\/2025\/12\/15\/czuc-swiateczny-klimat-w-oddziale-przedszkolnym-oraz-na-kole-plastycznym\/"]}]},{"@type":"BreadcrumbList","@id":"https:\/\/spkrauszow.ugnowytarg.pl\/index.php\/2025\/12\/15\/czuc-swiateczny-klimat-w-oddziale-przedszkolnym-oraz-na-kole-plastycznym\/#breadcrumb","itemListElement":[{"@type":"ListItem","position":1,"name":"Strona g\u0142\u00f3wna","item":"https:\/\/spkrauszow.ugnowytarg.pl\/"},{"@type":"ListItem","position":2,"name":"Czu\u0107 \u015bwi\u0105teczny klimat w oddziale przedszkolnym oraz na kole plastycznym"}]},{"@type":"WebSite","@id":"https:\/\/spkrauszow.ugnowytarg.pl\/#website","url":"https:\/\/spkrauszow.ugnowytarg.pl\/","name":"SP KRAUSZ\u00d3W","description":"","potentialAction":[{"@type":"SearchAction","target":{"@type":"EntryPoint","urlTemplate":"https:\/\/spkrauszow.ugnowytarg.pl\/?s={search_term_string}"},"query-input":"required name=search_term_string"}],"inLanguage":"pl-PL"},{"@type":"Person","@id":"https:\/\/spkrauszow.ugnowytarg.pl\/#\/schema\/person\/0b1c96abf20ea256c90bbb48daf698c4","name":"admin","image":{"@type":"ImageObject","inLanguage":"pl-PL","@id":"https:\/\/spkrauszow.ugnowytarg.pl\/#\/schema\/person\/image\/","url":"https:\/\/secure.gravatar.com\/avatar\/422745ea88bd165873c9ef257e6387ed?s=96&d=mm&r=g","contentUrl":"https:\/\/secure.gravatar.com\/avatar\/422745ea88bd165873c9ef257e6387ed?s=96&d=mm&r=g","caption":"admin"},"sameAs":["http:\/\/spkrauszow.ugnowytarg.pl"],"url":"https:\/\/spkrauszow.ugnowytarg.pl\/index.php\/author\/admin\/"}]}},"jetpack_featured_media_url":"","_links":{"self":[{"href":"https:\/\/spkrauszow.ugnowytarg.pl\/index.php\/wp-json\/wp\/v2\/posts\/13855"}],"collection":[{"href":"https:\/\/spkrauszow.ugnowytarg.pl\/index.php\/wp-json\/wp\/v2\/posts"}],"about":[{"href":"https:\/\/spkrauszow.ugnowytarg.pl\/index.php\/wp-json\/wp\/v2\/types\/post"}],"author":[{"embeddable":true,"href":"https:\/\/spkrauszow.ugnowytarg.pl\/index.php\/wp-json\/wp\/v2\/users\/1"}],"replies":[{"embeddable":true,"href":"https:\/\/spkrauszow.ugnowytarg.pl\/index.php\/wp-json\/wp\/v2\/comments?post=13855"}],"version-history":[{"count":3,"href":"https:\/\/spkrauszow.ugnowytarg.pl\/index.php\/wp-json\/wp\/v2\/posts\/13855\/revisions"}],"predecessor-version":[{"id":13887,"href":"https:\/\/spkrauszow.ugnowytarg.pl\/index.php\/wp-json\/wp\/v2\/posts\/13855\/revisions\/13887"}],"wp:attachment":[{"href":"https:\/\/spkrauszow.ugnowytarg.pl\/index.php\/wp-json\/wp\/v2\/media?parent=13855"}],"wp:term":[{"taxonomy":"category","embeddable":true,"href":"https:\/\/spkrauszow.ugnowytarg.pl\/index.php\/wp-json\/wp\/v2\/categories?post=13855"},{"taxonomy":"post_tag","embeddable":true,"href":"https:\/\/spkrauszow.ugnowytarg.pl\/index.php\/wp-json\/wp\/v2\/tags?post=13855"}],"curies":[{"name":"wp","href":"https:\/\/api.w.org\/{rel}","templated":true}]}}