{"id":12511,"date":"2025-09-05T12:54:22","date_gmt":"2025-09-05T10:54:22","guid":{"rendered":"https:\/\/spkrauszow.ugnowytarg.pl\/?p=12511"},"modified":"2025-09-07T12:56:15","modified_gmt":"2025-09-07T10:56:15","slug":"nowa-podroz-od-przedszkola-do-szkolnych-lawek","status":"publish","type":"post","link":"https:\/\/spkrauszow.ugnowytarg.pl\/index.php\/2025\/09\/05\/nowa-podroz-od-przedszkola-do-szkolnych-lawek\/","title":{"rendered":"Nowa podr\u00f3\u017c &#8211; od przedszkola do szkolnych \u0142awek"},"content":{"rendered":"<p>Pierwsze dni w szkole to jak wielka wyprawa do nowej krainy! Pojawili si\u0119 nowi koledzy i kole\u017canki. Ka\u017cdy troch\u0119 jak tajemnicza ksi\u0105\u017cka, kt\u00f3r\u0105 dopiero zaczynamy czyta\u0107. Jedni wol\u0105 kredki, inni pi\u0142k\u0119. Wychowawczyni zabra\u0142a ca\u0142\u0105 dru\u017cyn\u0119 z oddzia\u0142u przedszkolnego i przedszkola do krainy klas m\u0142odszych i nagle &#8230; wszystko wygl\u0105da inaczej: wi\u0119ksze \u0142awki, prawdziwe zeszyty i dzwonek, kt\u00f3ry brzmi jak sygna\u0142 do przygody. A dzieci? Troch\u0119 zdziwione, troch\u0119 rozbawione, ale na pewno gotowe, by razem odkrywa\u0107 szkolny \u015bwiat krok po kroku, litera po literze &#8211; i oczywi\u015bcie &#8211; u\u015bmiech po u\u015bmiechu.<\/p>\n<p>&nbsp;<\/p>\n<p style=\"text-align: right;\"><span style=\"font-size: 10pt;\">Autor tekstu i filmu: Celina B\u0142aszczyk<\/span><\/p>\n<p><center><div style=\"width: 576px;\" class=\"wp-video\"><!--[if lt IE 9]><script>document.createElement('video');<\/script><![endif]-->\n<video class=\"wp-video-shortcode\" id=\"video-12511-1\" width=\"576\" height=\"1024\" preload=\"metadata\" controls=\"controls\"><source type=\"video\/mp4\" src=\"https:\/\/spkrauszow.ugnowytarg.pl\/wp-content\/uploads\/2025\/09\/klasa-1_2025.mp4?_=1\" \/><a href=\"https:\/\/spkrauszow.ugnowytarg.pl\/wp-content\/uploads\/2025\/09\/klasa-1_2025.mp4\">https:\/\/spkrauszow.ugnowytarg.pl\/wp-content\/uploads\/2025\/09\/klasa-1_2025.mp4<\/a><\/video><\/div><\/p>\n<p><\/center><\/p>\n","protected":false},"excerpt":{"rendered":"<p>Pierwsze dni w szkole to jak wielka wyprawa do nowej krainy! Pojawili si\u0119 nowi koledzy i kole\u017canki. Ka\u017cdy troch\u0119 jak tajemnicza ksi\u0105\u017cka, kt\u00f3r\u0105 dopiero zaczynamy czyta\u0107. Jedni wol\u0105 kredki, inni pi\u0142k\u0119. Wychowawczyni zabra\u0142a ca\u0142\u0105 dru\u017cyn\u0119 z oddzia\u0142u przedszkolnego i przedszkola <a href=\"https:\/\/spkrauszow.ugnowytarg.pl\/index.php\/2025\/09\/05\/nowa-podroz-od-przedszkola-do-szkolnych-lawek\/\" class=\"read-more\">Czytaj wi\u0119cej &#8230;<\/a><\/p>\n","protected":false},"author":1,"featured_media":0,"comment_status":"closed","ping_status":"open","sticky":false,"template":"","format":"standard","meta":[],"categories":[43],"tags":[],"yoast_head":"<!-- This site is optimized with the Yoast SEO plugin v20.4 - https:\/\/yoast.com\/wordpress\/plugins\/seo\/ -->\n<title>Nowa podr\u00f3\u017c - od przedszkola do szkolnych \u0142awek - SP KRAUSZ\u00d3W<\/title>\n<meta name=\"robots\" content=\"index, follow, max-snippet:-1, max-image-preview:large, max-video-preview:-1\" \/>\n<link rel=\"canonical\" href=\"https:\/\/spkrauszow.ugnowytarg.pl\/index.php\/2025\/09\/05\/nowa-podroz-od-przedszkola-do-szkolnych-lawek\/\" \/>\n<meta property=\"og:locale\" content=\"pl_PL\" \/>\n<meta property=\"og:type\" content=\"article\" \/>\n<meta property=\"og:title\" content=\"Nowa podr\u00f3\u017c - od przedszkola do szkolnych \u0142awek - SP KRAUSZ\u00d3W\" \/>\n<meta property=\"og:description\" content=\"Pierwsze dni w szkole to jak wielka wyprawa do nowej krainy! Pojawili si\u0119 nowi koledzy i kole\u017canki. Ka\u017cdy troch\u0119 jak tajemnicza ksi\u0105\u017cka, kt\u00f3r\u0105 dopiero zaczynamy czyta\u0107. Jedni wol\u0105 kredki, inni pi\u0142k\u0119. Wychowawczyni zabra\u0142a ca\u0142\u0105 dru\u017cyn\u0119 z oddzia\u0142u przedszkolnego i przedszkola Czytaj wi\u0119cej ...\" \/>\n<meta property=\"og:url\" content=\"https:\/\/spkrauszow.ugnowytarg.pl\/index.php\/2025\/09\/05\/nowa-podroz-od-przedszkola-do-szkolnych-lawek\/\" \/>\n<meta property=\"og:site_name\" content=\"SP KRAUSZ\u00d3W\" \/>\n<meta property=\"article:published_time\" content=\"2025-09-05T10:54:22+00:00\" \/>\n<meta property=\"article:modified_time\" content=\"2025-09-07T10:56:15+00:00\" \/>\n<meta name=\"author\" content=\"admin\" \/>\n<meta name=\"twitter:card\" content=\"summary_large_image\" \/>\n<meta name=\"twitter:label1\" content=\"Napisane przez\" \/>\n\t<meta name=\"twitter:data1\" content=\"admin\" \/>\n\t<meta name=\"twitter:label2\" content=\"Szacowany czas czytania\" \/>\n\t<meta name=\"twitter:data2\" content=\"1 minuta\" \/>\n<script type=\"application\/ld+json\" class=\"yoast-schema-graph\">{\"@context\":\"https:\/\/schema.org\",\"@graph\":[{\"@type\":\"WebPage\",\"@id\":\"https:\/\/spkrauszow.ugnowytarg.pl\/index.php\/2025\/09\/05\/nowa-podroz-od-przedszkola-do-szkolnych-lawek\/\",\"url\":\"https:\/\/spkrauszow.ugnowytarg.pl\/index.php\/2025\/09\/05\/nowa-podroz-od-przedszkola-do-szkolnych-lawek\/\",\"name\":\"Nowa podr\u00f3\u017c - od przedszkola do szkolnych \u0142awek - SP KRAUSZ\u00d3W\",\"isPartOf\":{\"@id\":\"https:\/\/spkrauszow.ugnowytarg.pl\/#website\"},\"datePublished\":\"2025-09-05T10:54:22+00:00\",\"dateModified\":\"2025-09-07T10:56:15+00:00\",\"author\":{\"@id\":\"https:\/\/spkrauszow.ugnowytarg.pl\/#\/schema\/person\/0b1c96abf20ea256c90bbb48daf698c4\"},\"breadcrumb\":{\"@id\":\"https:\/\/spkrauszow.ugnowytarg.pl\/index.php\/2025\/09\/05\/nowa-podroz-od-przedszkola-do-szkolnych-lawek\/#breadcrumb\"},\"inLanguage\":\"pl-PL\",\"potentialAction\":[{\"@type\":\"ReadAction\",\"target\":[\"https:\/\/spkrauszow.ugnowytarg.pl\/index.php\/2025\/09\/05\/nowa-podroz-od-przedszkola-do-szkolnych-lawek\/\"]}]},{\"@type\":\"BreadcrumbList\",\"@id\":\"https:\/\/spkrauszow.ugnowytarg.pl\/index.php\/2025\/09\/05\/nowa-podroz-od-przedszkola-do-szkolnych-lawek\/#breadcrumb\",\"itemListElement\":[{\"@type\":\"ListItem\",\"position\":1,\"name\":\"Strona g\u0142\u00f3wna\",\"item\":\"https:\/\/spkrauszow.ugnowytarg.pl\/\"},{\"@type\":\"ListItem\",\"position\":2,\"name\":\"Nowa podr\u00f3\u017c &#8211; od przedszkola do szkolnych \u0142awek\"}]},{\"@type\":\"WebSite\",\"@id\":\"https:\/\/spkrauszow.ugnowytarg.pl\/#website\",\"url\":\"https:\/\/spkrauszow.ugnowytarg.pl\/\",\"name\":\"SP KRAUSZ\u00d3W\",\"description\":\"\",\"potentialAction\":[{\"@type\":\"SearchAction\",\"target\":{\"@type\":\"EntryPoint\",\"urlTemplate\":\"https:\/\/spkrauszow.ugnowytarg.pl\/?s={search_term_string}\"},\"query-input\":\"required name=search_term_string\"}],\"inLanguage\":\"pl-PL\"},{\"@type\":\"Person\",\"@id\":\"https:\/\/spkrauszow.ugnowytarg.pl\/#\/schema\/person\/0b1c96abf20ea256c90bbb48daf698c4\",\"name\":\"admin\",\"image\":{\"@type\":\"ImageObject\",\"inLanguage\":\"pl-PL\",\"@id\":\"https:\/\/spkrauszow.ugnowytarg.pl\/#\/schema\/person\/image\/\",\"url\":\"https:\/\/secure.gravatar.com\/avatar\/422745ea88bd165873c9ef257e6387ed?s=96&d=mm&r=g\",\"contentUrl\":\"https:\/\/secure.gravatar.com\/avatar\/422745ea88bd165873c9ef257e6387ed?s=96&d=mm&r=g\",\"caption\":\"admin\"},\"sameAs\":[\"http:\/\/spkrauszow.ugnowytarg.pl\"],\"url\":\"https:\/\/spkrauszow.ugnowytarg.pl\/index.php\/author\/admin\/\"}]}<\/script>\n<!-- \/ Yoast SEO plugin. -->","yoast_head_json":{"title":"Nowa podr\u00f3\u017c - od przedszkola do szkolnych \u0142awek - SP KRAUSZ\u00d3W","robots":{"index":"index","follow":"follow","max-snippet":"max-snippet:-1","max-image-preview":"max-image-preview:large","max-video-preview":"max-video-preview:-1"},"canonical":"https:\/\/spkrauszow.ugnowytarg.pl\/index.php\/2025\/09\/05\/nowa-podroz-od-przedszkola-do-szkolnych-lawek\/","og_locale":"pl_PL","og_type":"article","og_title":"Nowa podr\u00f3\u017c - od przedszkola do szkolnych \u0142awek - SP KRAUSZ\u00d3W","og_description":"Pierwsze dni w szkole to jak wielka wyprawa do nowej krainy! Pojawili si\u0119 nowi koledzy i kole\u017canki. Ka\u017cdy troch\u0119 jak tajemnicza ksi\u0105\u017cka, kt\u00f3r\u0105 dopiero zaczynamy czyta\u0107. Jedni wol\u0105 kredki, inni pi\u0142k\u0119. Wychowawczyni zabra\u0142a ca\u0142\u0105 dru\u017cyn\u0119 z oddzia\u0142u przedszkolnego i przedszkola Czytaj wi\u0119cej ...","og_url":"https:\/\/spkrauszow.ugnowytarg.pl\/index.php\/2025\/09\/05\/nowa-podroz-od-przedszkola-do-szkolnych-lawek\/","og_site_name":"SP KRAUSZ\u00d3W","article_published_time":"2025-09-05T10:54:22+00:00","article_modified_time":"2025-09-07T10:56:15+00:00","author":"admin","twitter_card":"summary_large_image","twitter_misc":{"Napisane przez":"admin","Szacowany czas czytania":"1 minuta"},"schema":{"@context":"https:\/\/schema.org","@graph":[{"@type":"WebPage","@id":"https:\/\/spkrauszow.ugnowytarg.pl\/index.php\/2025\/09\/05\/nowa-podroz-od-przedszkola-do-szkolnych-lawek\/","url":"https:\/\/spkrauszow.ugnowytarg.pl\/index.php\/2025\/09\/05\/nowa-podroz-od-przedszkola-do-szkolnych-lawek\/","name":"Nowa podr\u00f3\u017c - od przedszkola do szkolnych \u0142awek - SP KRAUSZ\u00d3W","isPartOf":{"@id":"https:\/\/spkrauszow.ugnowytarg.pl\/#website"},"datePublished":"2025-09-05T10:54:22+00:00","dateModified":"2025-09-07T10:56:15+00:00","author":{"@id":"https:\/\/spkrauszow.ugnowytarg.pl\/#\/schema\/person\/0b1c96abf20ea256c90bbb48daf698c4"},"breadcrumb":{"@id":"https:\/\/spkrauszow.ugnowytarg.pl\/index.php\/2025\/09\/05\/nowa-podroz-od-przedszkola-do-szkolnych-lawek\/#breadcrumb"},"inLanguage":"pl-PL","potentialAction":[{"@type":"ReadAction","target":["https:\/\/spkrauszow.ugnowytarg.pl\/index.php\/2025\/09\/05\/nowa-podroz-od-przedszkola-do-szkolnych-lawek\/"]}]},{"@type":"BreadcrumbList","@id":"https:\/\/spkrauszow.ugnowytarg.pl\/index.php\/2025\/09\/05\/nowa-podroz-od-przedszkola-do-szkolnych-lawek\/#breadcrumb","itemListElement":[{"@type":"ListItem","position":1,"name":"Strona g\u0142\u00f3wna","item":"https:\/\/spkrauszow.ugnowytarg.pl\/"},{"@type":"ListItem","position":2,"name":"Nowa podr\u00f3\u017c &#8211; od przedszkola do szkolnych \u0142awek"}]},{"@type":"WebSite","@id":"https:\/\/spkrauszow.ugnowytarg.pl\/#website","url":"https:\/\/spkrauszow.ugnowytarg.pl\/","name":"SP KRAUSZ\u00d3W","description":"","potentialAction":[{"@type":"SearchAction","target":{"@type":"EntryPoint","urlTemplate":"https:\/\/spkrauszow.ugnowytarg.pl\/?s={search_term_string}"},"query-input":"required name=search_term_string"}],"inLanguage":"pl-PL"},{"@type":"Person","@id":"https:\/\/spkrauszow.ugnowytarg.pl\/#\/schema\/person\/0b1c96abf20ea256c90bbb48daf698c4","name":"admin","image":{"@type":"ImageObject","inLanguage":"pl-PL","@id":"https:\/\/spkrauszow.ugnowytarg.pl\/#\/schema\/person\/image\/","url":"https:\/\/secure.gravatar.com\/avatar\/422745ea88bd165873c9ef257e6387ed?s=96&d=mm&r=g","contentUrl":"https:\/\/secure.gravatar.com\/avatar\/422745ea88bd165873c9ef257e6387ed?s=96&d=mm&r=g","caption":"admin"},"sameAs":["http:\/\/spkrauszow.ugnowytarg.pl"],"url":"https:\/\/spkrauszow.ugnowytarg.pl\/index.php\/author\/admin\/"}]}},"jetpack_featured_media_url":"","_links":{"self":[{"href":"https:\/\/spkrauszow.ugnowytarg.pl\/index.php\/wp-json\/wp\/v2\/posts\/12511"}],"collection":[{"href":"https:\/\/spkrauszow.ugnowytarg.pl\/index.php\/wp-json\/wp\/v2\/posts"}],"about":[{"href":"https:\/\/spkrauszow.ugnowytarg.pl\/index.php\/wp-json\/wp\/v2\/types\/post"}],"author":[{"embeddable":true,"href":"https:\/\/spkrauszow.ugnowytarg.pl\/index.php\/wp-json\/wp\/v2\/users\/1"}],"replies":[{"embeddable":true,"href":"https:\/\/spkrauszow.ugnowytarg.pl\/index.php\/wp-json\/wp\/v2\/comments?post=12511"}],"version-history":[{"count":2,"href":"https:\/\/spkrauszow.ugnowytarg.pl\/index.php\/wp-json\/wp\/v2\/posts\/12511\/revisions"}],"predecessor-version":[{"id":12514,"href":"https:\/\/spkrauszow.ugnowytarg.pl\/index.php\/wp-json\/wp\/v2\/posts\/12511\/revisions\/12514"}],"wp:attachment":[{"href":"https:\/\/spkrauszow.ugnowytarg.pl\/index.php\/wp-json\/wp\/v2\/media?parent=12511"}],"wp:term":[{"taxonomy":"category","embeddable":true,"href":"https:\/\/spkrauszow.ugnowytarg.pl\/index.php\/wp-json\/wp\/v2\/categories?post=12511"},{"taxonomy":"post_tag","embeddable":true,"href":"https:\/\/spkrauszow.ugnowytarg.pl\/index.php\/wp-json\/wp\/v2\/tags?post=12511"}],"curies":[{"name":"wp","href":"https:\/\/api.w.org\/{rel}","templated":true}]}}