{"id":12284,"date":"2025-07-02T18:28:26","date_gmt":"2025-07-02T16:28:26","guid":{"rendered":"https:\/\/spkrauszow.ugnowytarg.pl\/?p=12284"},"modified":"2025-07-02T18:28:26","modified_gmt":"2025-07-02T16:28:26","slug":"uroczyste-zakonczenie-roku-szkolnego-2024-2025-w-szkole-podstawowej-w-krauszowie","status":"publish","type":"post","link":"https:\/\/spkrauszow.ugnowytarg.pl\/index.php\/2025\/07\/02\/uroczyste-zakonczenie-roku-szkolnego-2024-2025-w-szkole-podstawowej-w-krauszowie\/","title":{"rendered":"Uroczyste zako\u0144czenie roku szkolnego 2024\/2025 w Szkole Podstawowej w Krauszowie"},"content":{"rendered":"<p>W pi\u0105tek, 20 czerwca, punktualnie o godzinie 9:15, w Szkole Podstawowej w Krauszowie rozbrzmia\u0142 hymn pa\u0144stwowy, kt\u00f3rym rozpocz\u0119li\u015bmy uroczyste zako\u0144czenie roku szkolnego 2024\/2025. Poprzedniego dnia \u2013 w czwartek wieczorem \u2013 spo\u0142eczno\u015b\u0107 szkolna uczestniczy\u0142a we Mszy \u015awi\u0119tej dzi\u0119kczynnej odprawionej w Sanktuarium Matki Bo\u017cej Kr\u00f3lowej Podhala w Lud\u017amierzu, dzi\u0119kuj\u0105c za minione miesi\u0105ce nauki, pracy i wsp\u00f3lnych wyzwa\u0144.<\/p>\n<p>Podczas pi\u0105tkowej uroczysto\u015bci mia\u0142o miejsce przekazanie sztandaru \u2013 uczniowie klasy \u00f3smej, ko\u0144cz\u0105cy swoj\u0105 edukacj\u0119 w naszej szkole, z dum\u0105 i powag\u0105 przekazali go swoim m\u0142odszym kolegom z klasy si\u00f3dmej, kt\u00f3rzy w przysz\u0142ym roku szkolnym b\u0119d\u0105 pe\u0142ni\u0107 zaszczytn\u0105 funkcj\u0119 pocztu sztandarowego.<\/p>\n<p>Pani dyrektor z\u0142o\u017cy\u0142a serdeczne podzi\u0119kowania wszystkim uczniom, nauczycielom oraz pracownikom szko\u0142y za zaanga\u017cowanie, wytrwa\u0142o\u015b\u0107 i sumienn\u0105 prac\u0119 przez ca\u0142y rok szkolny. Szczeg\u00f3lne s\u0142owa uznania skierowa\u0142a do tegorocznych absolwent\u00f3w \u2013 klasy \u00f3smej, wr\u0119czaj\u0105c im wsp\u00f3lnie z wychowawc\u0105, \u015bwiadectwa uko\u0144czenia szko\u0142y oraz nagrody za osi\u0105gni\u0119cia edukacyjne i wieloletnie zaanga\u017cowanie w \u017cycie szko\u0142y. Wychowawca klasy \u00f3smej uhonorowa\u0142 r\u00f3wnie\u017c tych rodzic\u00f3w, kt\u00f3rzy przez lata aktywnie wspierali klas\u0119 i w\u0142\u0105czali si\u0119 w dzia\u0142ania szko\u0142y.<\/p>\n<p>Tradycyjnie ju\u017c przyznano r\u00f3wnie\u017c nagrody dla najlepszych sportowc\u00f3w \u2013 zar\u00f3wno w kategorii dziewcz\u0105t, jak i ch\u0142opc\u00f3w. Statuetki i medale, ufundowane przez nauczyciela wychowania fizycznego, trafi\u0142y do r\u0105k uczni\u00f3w, kt\u00f3rzy przez ca\u0142y rok z zapa\u0142em reprezentowali szko\u0142\u0119 w zawodach sportowych.<\/p>\n<p>Wychowawcy pozosta\u0142ych klas wr\u0119czyli uczniom nagrody ksi\u0105\u017ckowe za bardzo dobre wyniki w nauce oraz wzorowe zachowanie. Niezwykle mi\u0142ym akcentem by\u0142o r\u00f3wnie\u017c wyr\u00f3\u017cnienie cz\u0142onk\u00f3w M\u0142odzie\u017cowej Dru\u017cyny Po\u017carniczej \u2013 druhowie z OSP Krausz\u00f3w wr\u0119czyli im pami\u0105tkowe dyplomy i statuetki, doceniaj\u0105c ich prac\u0119 i zaanga\u017cowanie.<\/p>\n<p>W dalszej cz\u0119\u015bci spotkania uczniowie klasy \u00f3smej po\u017cegnali si\u0119 ze szko\u0142\u0105 w spos\u00f3b wzruszaj\u0105cy i&#8230; bardzo zabawny. Najpierw podzi\u0119kowali nauczycielom, pracownikom szko\u0142y oraz swoim rodzicom za wspieranie ich podczas minionych lat. Nast\u0119pnie, z du\u017cym dystansem i poczuciem humoru, zaprezentowali satyryczny program artystyczny inspirowany popularnym telewizyjnym show, przedstawiaj\u0105c w krzywym zwierciadle \u017cycie szkolne i swoje przygody z lekcji.<\/p>\n<p>Po ich wyst\u0119pie, szkolny ch\u00f3rek wprowadzi\u0142 wszystkich w wakacyjny nastr\u00f3j, a klasa si\u00f3dma \u2013 w r\u00f3wnie \u017cartobliwym tonie \u2013 przedstawi\u0142a swoich starszych koleg\u00f3w z klasy \u00f3smej. Ca\u0142o\u015b\u0107 dope\u0142ni\u0142 wzruszaj\u0105cy film pokazuj\u0105cy, jak absolwenci zmieniali si\u0119 na przestrzeni lat \u2013 od nie\u015bmia\u0142ych pierwszoklasist\u00f3w po \u015bwiadomych m\u0142odych ludzi gotowych na nowe wyzwania.<\/p>\n<p>Zwie\u0144czeniem uroczysto\u015bci by\u0142 wyst\u0119p uczni\u00f3w klasy trzeciej, kt\u00f3rzy w imieniu swoim i rodzic\u00f3w podzi\u0119kowali swojej wychowawczyni za trzy lata wsp\u00f3lnej nauki, zabawy i wsparcia \u2013 ich wierszyk i piosenka wzruszy\u0142y niejedno serce.<\/p>\n<p>Na zako\u0144czenie g\u0142os ponownie zabra\u0142a pani dyrektor, \u017cycz\u0105c wszystkim s\u0142onecznych, radosnych i bezpiecznych wakacji. A potem&#8230; oficjalnie og\u0142osi\u0142a wakacje 2025 za otwarte.<\/p>\n<p style=\"text-align: right;\"><span style=\"font-size: 10pt;\"> Autor tekstu: Agata Pawlikowska<\/span><\/p>\n<h4 style=\"text-align: left;\"><strong>Wspomnienie dziewi\u0119ciu lat sp\u0119dzonych w szkole przez naszych absolwent\u00f3w rocznika 2024\/2025:<\/strong><\/h4>\n<div style=\"position: relative; width: 100%; height: 0; padding-top: 56.2500%; padding-bottom: 0; box-shadow: 0 2px 8px 0 rgba(63,69,81,0.16); margin-top: 1.6em; margin-bottom: 0.9em; overflow: hidden; border-radius: 8px; will-change: transform;\"><iframe style=\"position: absolute; width: 100%; height: 100%; top: 0; left: 0; border: none; padding: 0; margin: 0;\" src=\"https:\/\/www.canva.com\/design\/DAGpwafI50Y\/i-q3-GGBZvhuPl0mMedGmQ\/watch?embed\" allowfullscreen=\"allowfullscreen\"><br \/>\n<\/iframe><\/div>\n<p>&nbsp;<\/p>\n<h4>Galeria zdj\u0119\u0107 z zako\u0144czenia roku szkolnego 2024\/2025:<\/h4>\n<!-- Final Tiles Grid Gallery for WordPress v3.6.13 free --><style>#ftg-320320 .tile .icon { color:#ffffff; }#ftg-320320 .ftg-items .loading-bar i { background:#666; }#ftg-320320 .ftg-items .loading-bar { background:#fff; }#ftg-320320 .tile .icon { font-size:12px; }#ftg-320320 .tile .icon { margin: -6px 0 0 -6px; }#ftg-320320 .tile .caption-block .text-wrapper span.text { font-size:12px; }#ftg-320320 .tile .caption-outside .text-wrapper span.text { font-size:12px; }#ftg-320320 .tile .caption-block .text-wrapper span.title { font-size:14px; }#ftg-320320 .tile .caption-outside .text-wrapper span.title { font-size:14px; }#ftg-320320 .tile { background-color: transparent; }#ftg-320320 .tile .caption-block .text-wrapper span.text { color: #ffffff; }#ftg-320320 .tile .caption-block .text-wrapper span.title { color: #ffffff; }#ftg-320320 .tile .caption-outside .text-wrapper span.text { color: #ffffff; }#ftg-320320 .tile .caption-outside .text-wrapper span.title { color: #ffffff; }#ftg-320320 .tile .ftg-social a { color: #ffffff; }#ftg-320320 .tile .caption-block { transition-timing-function:linear; }#ftg-320320 .tile .caption-block { transition-duration:0.25s; }#ftg-320320 .tile .tile-inner:before { background-color: #000000; }#ftg-320320 .tile .tile-inner:before { background-color: rgba(0, 0, 0, 0.8); }<\/style><a name=\"320\"><\/a><div class=\"final-tiles-gallery  ftg-hover-enabled caption-inside  caption-none caption-middle caption-center\" id=\"ftg-320320\" style=\"width: 100%\"><div class='ftg-items'><div class='loading-bar'><i><\/i><\/div><div  class='tile ftg-preload  '><a title=\"Zakonczenie-roku-szkolnego-2025_1\" data-lightbox='ftg-320320' rel='ftg-320320'  class=' tile-inner  ftg-lightbox' href='https:\/\/spkrauszow.ugnowytarg.pl\/wp-content\/uploads\/2025\/07\/Zakonczenie-roku-szkolnego-2025_1-1024x683.jpg' ><img alt='Zakonczenie-roku-szkolnego-2025_1' class='item skip-lazy' data-class='item' data-ftg-source='https:\/\/spkrauszow.ugnowytarg.pl\/wp-content\/uploads\/2025\/07\/Zakonczenie-roku-szkolnego-2025_1-1024x683.jpg' src='https:\/\/spkrauszow.ugnowytarg.pl\/wp-content\/uploads\/2025\/07\/Zakonczenie-roku-szkolnego-2025_1-1024x683.jpg' width='847' height='565' \/><span class='icon fa fa-zoom'><\/span><div class='caption-block'><div class='text-wrapper'><span class='title'>Zakonczenie-roku-szkolnego-2025_1<\/span><\/div><\/div><\/a><div class='ftg-social'><\/div><\/div><div  class='tile ftg-preload  '><a title=\"Zakonczenie-roku-szkolnego-2025_2\" data-lightbox='ftg-320320' rel='ftg-320320'  class=' tile-inner  ftg-lightbox' href='https:\/\/spkrauszow.ugnowytarg.pl\/wp-content\/uploads\/2025\/07\/Zakonczenie-roku-szkolnego-2025_2-1024x683.jpg' ><img alt='Zakonczenie-roku-szkolnego-2025_2' class='item skip-lazy' data-class='item' data-ftg-source='https:\/\/spkrauszow.ugnowytarg.pl\/wp-content\/uploads\/2025\/07\/Zakonczenie-roku-szkolnego-2025_2-1024x683.jpg' src='https:\/\/spkrauszow.ugnowytarg.pl\/wp-content\/uploads\/2025\/07\/Zakonczenie-roku-szkolnego-2025_2-1024x683.jpg' width='847' height='565' \/><span class='icon fa fa-zoom'><\/span><div class='caption-block'><div class='text-wrapper'><span class='title'>Zakonczenie-roku-szkolnego-2025_2<\/span><\/div><\/div><\/a><div class='ftg-social'><\/div><\/div><div  class='tile ftg-preload  '><a title=\"Zakonczenie-roku-szkolnego-2025_3\" data-lightbox='ftg-320320' rel='ftg-320320'  class=' tile-inner  ftg-lightbox' href='https:\/\/spkrauszow.ugnowytarg.pl\/wp-content\/uploads\/2025\/07\/Zakonczenie-roku-szkolnego-2025_3-1024x683.jpg' ><img alt='Zakonczenie-roku-szkolnego-2025_3' class='item skip-lazy' data-class='item' data-ftg-source='https:\/\/spkrauszow.ugnowytarg.pl\/wp-content\/uploads\/2025\/07\/Zakonczenie-roku-szkolnego-2025_3-1024x683.jpg' src='https:\/\/spkrauszow.ugnowytarg.pl\/wp-content\/uploads\/2025\/07\/Zakonczenie-roku-szkolnego-2025_3-1024x683.jpg' width='847' height='565' \/><span class='icon fa fa-zoom'><\/span><div class='caption-block'><div class='text-wrapper'><span class='title'>Zakonczenie-roku-szkolnego-2025_3<\/span><\/div><\/div><\/a><div class='ftg-social'><\/div><\/div><div  class='tile ftg-preload  '><a title=\"Zakonczenie-roku-szkolnego-2025_4\" data-lightbox='ftg-320320' rel='ftg-320320'  class=' tile-inner  ftg-lightbox' href='https:\/\/spkrauszow.ugnowytarg.pl\/wp-content\/uploads\/2025\/07\/Zakonczenie-roku-szkolnego-2025_4-1024x683.jpg' ><img alt='Zakonczenie-roku-szkolnego-2025_4' class='item skip-lazy' data-class='item' data-ftg-source='https:\/\/spkrauszow.ugnowytarg.pl\/wp-content\/uploads\/2025\/07\/Zakonczenie-roku-szkolnego-2025_4-1024x683.jpg' src='https:\/\/spkrauszow.ugnowytarg.pl\/wp-content\/uploads\/2025\/07\/Zakonczenie-roku-szkolnego-2025_4-1024x683.jpg' width='847' height='565' \/><span class='icon fa fa-zoom'><\/span><div class='caption-block'><div class='text-wrapper'><span class='title'>Zakonczenie-roku-szkolnego-2025_4<\/span><\/div><\/div><\/a><div class='ftg-social'><\/div><\/div><div  class='tile ftg-preload  '><a title=\"Zakonczenie-roku-szkolnego-2025_5\" data-lightbox='ftg-320320' rel='ftg-320320'  class=' tile-inner  ftg-lightbox' href='https:\/\/spkrauszow.ugnowytarg.pl\/wp-content\/uploads\/2025\/07\/Zakonczenie-roku-szkolnego-2025_5-1024x683.jpg' ><img alt='Zakonczenie-roku-szkolnego-2025_5' class='item skip-lazy' data-class='item' data-ftg-source='https:\/\/spkrauszow.ugnowytarg.pl\/wp-content\/uploads\/2025\/07\/Zakonczenie-roku-szkolnego-2025_5-1024x683.jpg' src='https:\/\/spkrauszow.ugnowytarg.pl\/wp-content\/uploads\/2025\/07\/Zakonczenie-roku-szkolnego-2025_5-1024x683.jpg' width='847' height='565' \/><span class='icon fa fa-zoom'><\/span><div class='caption-block'><div class='text-wrapper'><span class='title'>Zakonczenie-roku-szkolnego-2025_5<\/span><\/div><\/div><\/a><div class='ftg-social'><\/div><\/div><div  class='tile ftg-preload  '><a title=\"Zakonczenie-roku-szkolnego-2025_6\" data-lightbox='ftg-320320' rel='ftg-320320'  class=' tile-inner  ftg-lightbox' href='https:\/\/spkrauszow.ugnowytarg.pl\/wp-content\/uploads\/2025\/07\/Zakonczenie-roku-szkolnego-2025_6-1024x683.jpg' ><img alt='Zakonczenie-roku-szkolnego-2025_6' class='item skip-lazy' data-class='item' data-ftg-source='https:\/\/spkrauszow.ugnowytarg.pl\/wp-content\/uploads\/2025\/07\/Zakonczenie-roku-szkolnego-2025_6-1024x683.jpg' src='https:\/\/spkrauszow.ugnowytarg.pl\/wp-content\/uploads\/2025\/07\/Zakonczenie-roku-szkolnego-2025_6-1024x683.jpg' width='847' height='565' \/><span class='icon fa fa-zoom'><\/span><div class='caption-block'><div class='text-wrapper'><span class='title'>Zakonczenie-roku-szkolnego-2025_6<\/span><\/div><\/div><\/a><div class='ftg-social'><\/div><\/div><div  class='tile ftg-preload  '><a title=\"Zakonczenie-roku-szkolnego-2025_7\" data-lightbox='ftg-320320' rel='ftg-320320'  class=' tile-inner  ftg-lightbox' href='https:\/\/spkrauszow.ugnowytarg.pl\/wp-content\/uploads\/2025\/07\/Zakonczenie-roku-szkolnego-2025_7-1024x683.jpg' ><img alt='Zakonczenie-roku-szkolnego-2025_7' class='item skip-lazy' data-class='item' data-ftg-source='https:\/\/spkrauszow.ugnowytarg.pl\/wp-content\/uploads\/2025\/07\/Zakonczenie-roku-szkolnego-2025_7-1024x683.jpg' src='https:\/\/spkrauszow.ugnowytarg.pl\/wp-content\/uploads\/2025\/07\/Zakonczenie-roku-szkolnego-2025_7-1024x683.jpg' width='847' height='565' \/><span class='icon fa fa-zoom'><\/span><div class='caption-block'><div class='text-wrapper'><span class='title'>Zakonczenie-roku-szkolnego-2025_7<\/span><\/div><\/div><\/a><div class='ftg-social'><\/div><\/div><div  class='tile ftg-preload  '><a title=\"Zakonczenie-roku-szkolnego-2025_8\" data-lightbox='ftg-320320' rel='ftg-320320'  class=' tile-inner  ftg-lightbox' href='https:\/\/spkrauszow.ugnowytarg.pl\/wp-content\/uploads\/2025\/07\/Zakonczenie-roku-szkolnego-2025_8-1024x683.jpg' ><img alt='Zakonczenie-roku-szkolnego-2025_8' class='item skip-lazy' data-class='item' data-ftg-source='https:\/\/spkrauszow.ugnowytarg.pl\/wp-content\/uploads\/2025\/07\/Zakonczenie-roku-szkolnego-2025_8-1024x683.jpg' src='https:\/\/spkrauszow.ugnowytarg.pl\/wp-content\/uploads\/2025\/07\/Zakonczenie-roku-szkolnego-2025_8-1024x683.jpg' width='847' height='565' \/><span class='icon fa fa-zoom'><\/span><div class='caption-block'><div class='text-wrapper'><span class='title'>Zakonczenie-roku-szkolnego-2025_8<\/span><\/div><\/div><\/a><div class='ftg-social'><\/div><\/div><div  class='tile ftg-preload  '><a title=\"Zakonczenie-roku-szkolnego-2025_9\" data-lightbox='ftg-320320' rel='ftg-320320'  class=' tile-inner  ftg-lightbox' href='https:\/\/spkrauszow.ugnowytarg.pl\/wp-content\/uploads\/2025\/07\/Zakonczenie-roku-szkolnego-2025_9-1024x683.jpg' ><img alt='Zakonczenie-roku-szkolnego-2025_9' class='item skip-lazy' data-class='item' data-ftg-source='https:\/\/spkrauszow.ugnowytarg.pl\/wp-content\/uploads\/2025\/07\/Zakonczenie-roku-szkolnego-2025_9-1024x683.jpg' src='https:\/\/spkrauszow.ugnowytarg.pl\/wp-content\/uploads\/2025\/07\/Zakonczenie-roku-szkolnego-2025_9-1024x683.jpg' width='847' height='565' \/><span class='icon fa fa-zoom'><\/span><div class='caption-block'><div class='text-wrapper'><span class='title'>Zakonczenie-roku-szkolnego-2025_9<\/span><\/div><\/div><\/a><div class='ftg-social'><\/div><\/div><div  class='tile ftg-preload  '><a title=\"Zakonczenie-roku-szkolnego-2025_10\" data-lightbox='ftg-320320' rel='ftg-320320'  class=' tile-inner  ftg-lightbox' href='https:\/\/spkrauszow.ugnowytarg.pl\/wp-content\/uploads\/2025\/07\/Zakonczenie-roku-szkolnego-2025_10-1024x683.jpg' ><img alt='Zakonczenie-roku-szkolnego-2025_10' class='item skip-lazy' data-class='item' data-ftg-source='https:\/\/spkrauszow.ugnowytarg.pl\/wp-content\/uploads\/2025\/07\/Zakonczenie-roku-szkolnego-2025_10-1024x683.jpg' src='https:\/\/spkrauszow.ugnowytarg.pl\/wp-content\/uploads\/2025\/07\/Zakonczenie-roku-szkolnego-2025_10-1024x683.jpg' width='847' height='565' \/><span class='icon fa fa-zoom'><\/span><div class='caption-block'><div class='text-wrapper'><span class='title'>Zakonczenie-roku-szkolnego-2025_10<\/span><\/div><\/div><\/a><div class='ftg-social'><\/div><\/div><div  class='tile ftg-preload  '><a title=\"Zakonczenie-roku-szkolnego-2025_11\" data-lightbox='ftg-320320' rel='ftg-320320'  class=' tile-inner  ftg-lightbox' href='https:\/\/spkrauszow.ugnowytarg.pl\/wp-content\/uploads\/2025\/07\/Zakonczenie-roku-szkolnego-2025_11-1024x683.jpg' ><img alt='Zakonczenie-roku-szkolnego-2025_11' class='item skip-lazy' data-class='item' data-ftg-source='https:\/\/spkrauszow.ugnowytarg.pl\/wp-content\/uploads\/2025\/07\/Zakonczenie-roku-szkolnego-2025_11-1024x683.jpg' src='https:\/\/spkrauszow.ugnowytarg.pl\/wp-content\/uploads\/2025\/07\/Zakonczenie-roku-szkolnego-2025_11-1024x683.jpg' width='847' height='565' \/><span class='icon fa fa-zoom'><\/span><div class='caption-block'><div class='text-wrapper'><span class='title'>Zakonczenie-roku-szkolnego-2025_11<\/span><\/div><\/div><\/a><div class='ftg-social'><\/div><\/div><div  class='tile ftg-preload  '><a title=\"Zakonczenie-roku-szkolnego-2025_12\" data-lightbox='ftg-320320' rel='ftg-320320'  class=' tile-inner  ftg-lightbox' href='https:\/\/spkrauszow.ugnowytarg.pl\/wp-content\/uploads\/2025\/07\/Zakonczenie-roku-szkolnego-2025_12-1024x683.jpg' ><img alt='Zakonczenie-roku-szkolnego-2025_12' class='item skip-lazy' data-class='item' data-ftg-source='https:\/\/spkrauszow.ugnowytarg.pl\/wp-content\/uploads\/2025\/07\/Zakonczenie-roku-szkolnego-2025_12-1024x683.jpg' src='https:\/\/spkrauszow.ugnowytarg.pl\/wp-content\/uploads\/2025\/07\/Zakonczenie-roku-szkolnego-2025_12-1024x683.jpg' width='847' height='565' \/><span class='icon fa fa-zoom'><\/span><div class='caption-block'><div class='text-wrapper'><span class='title'>Zakonczenie-roku-szkolnego-2025_12<\/span><\/div><\/div><\/a><div class='ftg-social'><\/div><\/div><div  class='tile ftg-preload  '><a title=\"Zakonczenie-roku-szkolnego-2025_13\" data-lightbox='ftg-320320' rel='ftg-320320'  class=' tile-inner  ftg-lightbox' href='https:\/\/spkrauszow.ugnowytarg.pl\/wp-content\/uploads\/2025\/07\/Zakonczenie-roku-szkolnego-2025_13-1024x683.jpg' ><img alt='Zakonczenie-roku-szkolnego-2025_13' class='item skip-lazy' data-class='item' data-ftg-source='https:\/\/spkrauszow.ugnowytarg.pl\/wp-content\/uploads\/2025\/07\/Zakonczenie-roku-szkolnego-2025_13-1024x683.jpg' src='https:\/\/spkrauszow.ugnowytarg.pl\/wp-content\/uploads\/2025\/07\/Zakonczenie-roku-szkolnego-2025_13-1024x683.jpg' width='847' height='565' \/><span class='icon fa fa-zoom'><\/span><div class='caption-block'><div class='text-wrapper'><span class='title'>Zakonczenie-roku-szkolnego-2025_13<\/span><\/div><\/div><\/a><div class='ftg-social'><\/div><\/div><div  class='tile ftg-preload  '><a title=\"Zakonczenie-roku-szkolnego-2025_14\" data-lightbox='ftg-320320' rel='ftg-320320'  class=' tile-inner  ftg-lightbox' href='https:\/\/spkrauszow.ugnowytarg.pl\/wp-content\/uploads\/2025\/07\/Zakonczenie-roku-szkolnego-2025_14-1024x683.jpg' ><img alt='Zakonczenie-roku-szkolnego-2025_14' class='item skip-lazy' data-class='item' data-ftg-source='https:\/\/spkrauszow.ugnowytarg.pl\/wp-content\/uploads\/2025\/07\/Zakonczenie-roku-szkolnego-2025_14-1024x683.jpg' src='https:\/\/spkrauszow.ugnowytarg.pl\/wp-content\/uploads\/2025\/07\/Zakonczenie-roku-szkolnego-2025_14-1024x683.jpg' width='847' height='565' \/><span class='icon fa fa-zoom'><\/span><div class='caption-block'><div class='text-wrapper'><span class='title'>Zakonczenie-roku-szkolnego-2025_14<\/span><\/div><\/div><\/a><div class='ftg-social'><\/div><\/div><div  class='tile ftg-preload  '><a title=\"Zakonczenie-roku-szkolnego-2025_15\" data-lightbox='ftg-320320' rel='ftg-320320'  class=' tile-inner  ftg-lightbox' href='https:\/\/spkrauszow.ugnowytarg.pl\/wp-content\/uploads\/2025\/07\/Zakonczenie-roku-szkolnego-2025_15-1024x683.jpg' ><img alt='Zakonczenie-roku-szkolnego-2025_15' class='item skip-lazy' data-class='item' data-ftg-source='https:\/\/spkrauszow.ugnowytarg.pl\/wp-content\/uploads\/2025\/07\/Zakonczenie-roku-szkolnego-2025_15-1024x683.jpg' src='https:\/\/spkrauszow.ugnowytarg.pl\/wp-content\/uploads\/2025\/07\/Zakonczenie-roku-szkolnego-2025_15-1024x683.jpg' width='847' height='565' \/><span class='icon fa fa-zoom'><\/span><div class='caption-block'><div class='text-wrapper'><span class='title'>Zakonczenie-roku-szkolnego-2025_15<\/span><\/div><\/div><\/a><div class='ftg-social'><\/div><\/div><div  class='tile ftg-preload  '><a title=\"Zakonczenie-roku-szkolnego-2025_16\" data-lightbox='ftg-320320' rel='ftg-320320'  class=' tile-inner  ftg-lightbox' href='https:\/\/spkrauszow.ugnowytarg.pl\/wp-content\/uploads\/2025\/07\/Zakonczenie-roku-szkolnego-2025_16-1024x683.jpg' ><img alt='Zakonczenie-roku-szkolnego-2025_16' class='item skip-lazy' data-class='item' data-ftg-source='https:\/\/spkrauszow.ugnowytarg.pl\/wp-content\/uploads\/2025\/07\/Zakonczenie-roku-szkolnego-2025_16-1024x683.jpg' src='https:\/\/spkrauszow.ugnowytarg.pl\/wp-content\/uploads\/2025\/07\/Zakonczenie-roku-szkolnego-2025_16-1024x683.jpg' width='847' height='565' \/><span class='icon fa fa-zoom'><\/span><div class='caption-block'><div class='text-wrapper'><span class='title'>Zakonczenie-roku-szkolnego-2025_16<\/span><\/div><\/div><\/a><div class='ftg-social'><\/div><\/div><div  class='tile ftg-preload  '><a title=\"Zakonczenie-roku-szkolnego-2025_17\" data-lightbox='ftg-320320' rel='ftg-320320'  class=' tile-inner  ftg-lightbox' href='https:\/\/spkrauszow.ugnowytarg.pl\/wp-content\/uploads\/2025\/07\/Zakonczenie-roku-szkolnego-2025_17-1024x683.jpg' ><img alt='Zakonczenie-roku-szkolnego-2025_17' class='item skip-lazy' data-class='item' data-ftg-source='https:\/\/spkrauszow.ugnowytarg.pl\/wp-content\/uploads\/2025\/07\/Zakonczenie-roku-szkolnego-2025_17-1024x683.jpg' src='https:\/\/spkrauszow.ugnowytarg.pl\/wp-content\/uploads\/2025\/07\/Zakonczenie-roku-szkolnego-2025_17-1024x683.jpg' width='847' height='565' \/><span class='icon fa fa-zoom'><\/span><div class='caption-block'><div class='text-wrapper'><span class='title'>Zakonczenie-roku-szkolnego-2025_17<\/span><\/div><\/div><\/a><div class='ftg-social'><\/div><\/div><div  class='tile ftg-preload  '><a title=\"Zakonczenie-roku-szkolnego-2025_18\" data-lightbox='ftg-320320' rel='ftg-320320'  class=' tile-inner  ftg-lightbox' href='https:\/\/spkrauszow.ugnowytarg.pl\/wp-content\/uploads\/2025\/07\/Zakonczenie-roku-szkolnego-2025_18-1024x683.jpg' ><img alt='Zakonczenie-roku-szkolnego-2025_18' class='item skip-lazy' data-class='item' data-ftg-source='https:\/\/spkrauszow.ugnowytarg.pl\/wp-content\/uploads\/2025\/07\/Zakonczenie-roku-szkolnego-2025_18-1024x683.jpg' src='https:\/\/spkrauszow.ugnowytarg.pl\/wp-content\/uploads\/2025\/07\/Zakonczenie-roku-szkolnego-2025_18-1024x683.jpg' width='847' height='565' \/><span class='icon fa fa-zoom'><\/span><div class='caption-block'><div class='text-wrapper'><span class='title'>Zakonczenie-roku-szkolnego-2025_18<\/span><\/div><\/div><\/a><div class='ftg-social'><\/div><\/div><div  class='tile ftg-preload  '><a title=\"Zakonczenie-roku-szkolnego-2025_19\" data-lightbox='ftg-320320' rel='ftg-320320'  class=' tile-inner  ftg-lightbox' href='https:\/\/spkrauszow.ugnowytarg.pl\/wp-content\/uploads\/2025\/07\/Zakonczenie-roku-szkolnego-2025_19-1024x683.jpg' ><img alt='Zakonczenie-roku-szkolnego-2025_19' class='item skip-lazy' data-class='item' data-ftg-source='https:\/\/spkrauszow.ugnowytarg.pl\/wp-content\/uploads\/2025\/07\/Zakonczenie-roku-szkolnego-2025_19-1024x683.jpg' src='https:\/\/spkrauszow.ugnowytarg.pl\/wp-content\/uploads\/2025\/07\/Zakonczenie-roku-szkolnego-2025_19-1024x683.jpg' width='847' height='565' \/><span class='icon fa fa-zoom'><\/span><div class='caption-block'><div class='text-wrapper'><span class='title'>Zakonczenie-roku-szkolnego-2025_19<\/span><\/div><\/div><\/a><div class='ftg-social'><\/div><\/div><div  class='tile ftg-preload  '><a title=\"Zakonczenie-roku-szkolnego-2025_20\" data-lightbox='ftg-320320' rel='ftg-320320'  class=' tile-inner  ftg-lightbox' href='https:\/\/spkrauszow.ugnowytarg.pl\/wp-content\/uploads\/2025\/07\/Zakonczenie-roku-szkolnego-2025_20-1024x683.jpg' ><img alt='Zakonczenie-roku-szkolnego-2025_20' class='item skip-lazy' data-class='item' data-ftg-source='https:\/\/spkrauszow.ugnowytarg.pl\/wp-content\/uploads\/2025\/07\/Zakonczenie-roku-szkolnego-2025_20-1024x683.jpg' src='https:\/\/spkrauszow.ugnowytarg.pl\/wp-content\/uploads\/2025\/07\/Zakonczenie-roku-szkolnego-2025_20-1024x683.jpg' width='847' height='565' \/><span class='icon fa fa-zoom'><\/span><div class='caption-block'><div class='text-wrapper'><span class='title'>Zakonczenie-roku-szkolnego-2025_20<\/span><\/div><\/div><\/a><div class='ftg-social'><\/div><\/div><div  class='tile ftg-preload  '><a title=\"Zakonczenie-roku-szkolnego-2025_21\" data-lightbox='ftg-320320' rel='ftg-320320'  class=' tile-inner  ftg-lightbox' href='https:\/\/spkrauszow.ugnowytarg.pl\/wp-content\/uploads\/2025\/07\/Zakonczenie-roku-szkolnego-2025_21-1024x683.jpg' ><img alt='Zakonczenie-roku-szkolnego-2025_21' class='item skip-lazy' data-class='item' data-ftg-source='https:\/\/spkrauszow.ugnowytarg.pl\/wp-content\/uploads\/2025\/07\/Zakonczenie-roku-szkolnego-2025_21-1024x683.jpg' src='https:\/\/spkrauszow.ugnowytarg.pl\/wp-content\/uploads\/2025\/07\/Zakonczenie-roku-szkolnego-2025_21-1024x683.jpg' width='847' height='565' \/><span class='icon fa fa-zoom'><\/span><div class='caption-block'><div class='text-wrapper'><span class='title'>Zakonczenie-roku-szkolnego-2025_21<\/span><\/div><\/div><\/a><div class='ftg-social'><\/div><\/div><div  class='tile ftg-preload  '><a title=\"Zakonczenie-roku-szkolnego-2025_22\" data-lightbox='ftg-320320' rel='ftg-320320'  class=' tile-inner  ftg-lightbox' href='https:\/\/spkrauszow.ugnowytarg.pl\/wp-content\/uploads\/2025\/07\/Zakonczenie-roku-szkolnego-2025_22-1024x683.jpg' ><img alt='Zakonczenie-roku-szkolnego-2025_22' class='item skip-lazy' data-class='item' data-ftg-source='https:\/\/spkrauszow.ugnowytarg.pl\/wp-content\/uploads\/2025\/07\/Zakonczenie-roku-szkolnego-2025_22-1024x683.jpg' src='https:\/\/spkrauszow.ugnowytarg.pl\/wp-content\/uploads\/2025\/07\/Zakonczenie-roku-szkolnego-2025_22-1024x683.jpg' width='847' height='565' \/><span class='icon fa fa-zoom'><\/span><div class='caption-block'><div class='text-wrapper'><span class='title'>Zakonczenie-roku-szkolnego-2025_22<\/span><\/div><\/div><\/a><div class='ftg-social'><\/div><\/div><div  class='tile ftg-preload  '><a title=\"Zakonczenie-roku-szkolnego-2025_23\" data-lightbox='ftg-320320' rel='ftg-320320'  class=' tile-inner  ftg-lightbox' href='https:\/\/spkrauszow.ugnowytarg.pl\/wp-content\/uploads\/2025\/07\/Zakonczenie-roku-szkolnego-2025_23-1024x683.jpg' ><img alt='Zakonczenie-roku-szkolnego-2025_23' class='item skip-lazy' data-class='item' data-ftg-source='https:\/\/spkrauszow.ugnowytarg.pl\/wp-content\/uploads\/2025\/07\/Zakonczenie-roku-szkolnego-2025_23-1024x683.jpg' src='https:\/\/spkrauszow.ugnowytarg.pl\/wp-content\/uploads\/2025\/07\/Zakonczenie-roku-szkolnego-2025_23-1024x683.jpg' width='847' height='565' \/><span class='icon fa fa-zoom'><\/span><div class='caption-block'><div class='text-wrapper'><span class='title'>Zakonczenie-roku-szkolnego-2025_23<\/span><\/div><\/div><\/a><div class='ftg-social'><\/div><\/div><div  class='tile ftg-preload  '><a title=\"Zakonczenie-roku-szkolnego-2025_24\" data-lightbox='ftg-320320' rel='ftg-320320'  class=' tile-inner  ftg-lightbox' href='https:\/\/spkrauszow.ugnowytarg.pl\/wp-content\/uploads\/2025\/07\/Zakonczenie-roku-szkolnego-2025_24-683x1024.jpg' ><img alt='Zakonczenie-roku-szkolnego-2025_24' class='item skip-lazy' data-class='item' data-ftg-source='https:\/\/spkrauszow.ugnowytarg.pl\/wp-content\/uploads\/2025\/07\/Zakonczenie-roku-szkolnego-2025_24-683x1024.jpg' src='https:\/\/spkrauszow.ugnowytarg.pl\/wp-content\/uploads\/2025\/07\/Zakonczenie-roku-szkolnego-2025_24-683x1024.jpg' width='683' height='1024' \/><span class='icon fa fa-zoom'><\/span><div class='caption-block'><div class='text-wrapper'><span class='title'>Zakonczenie-roku-szkolnego-2025_24<\/span><\/div><\/div><\/a><div class='ftg-social'><\/div><\/div><div  class='tile ftg-preload  '><a title=\"Zakonczenie-roku-szkolnego-2025_25\" data-lightbox='ftg-320320' rel='ftg-320320'  class=' tile-inner  ftg-lightbox' href='https:\/\/spkrauszow.ugnowytarg.pl\/wp-content\/uploads\/2025\/07\/Zakonczenie-roku-szkolnego-2025_25-683x1024.jpg' ><img alt='Zakonczenie-roku-szkolnego-2025_25' class='item skip-lazy' data-class='item' data-ftg-source='https:\/\/spkrauszow.ugnowytarg.pl\/wp-content\/uploads\/2025\/07\/Zakonczenie-roku-szkolnego-2025_25-683x1024.jpg' src='https:\/\/spkrauszow.ugnowytarg.pl\/wp-content\/uploads\/2025\/07\/Zakonczenie-roku-szkolnego-2025_25-683x1024.jpg' width='683' height='1024' \/><span class='icon fa fa-zoom'><\/span><div class='caption-block'><div class='text-wrapper'><span class='title'>Zakonczenie-roku-szkolnego-2025_25<\/span><\/div><\/div><\/a><div class='ftg-social'><\/div><\/div><div  class='tile ftg-preload  '><a title=\"Zakonczenie-roku-szkolnego-2025_26\" data-lightbox='ftg-320320' rel='ftg-320320'  class=' tile-inner  ftg-lightbox' href='https:\/\/spkrauszow.ugnowytarg.pl\/wp-content\/uploads\/2025\/07\/Zakonczenie-roku-szkolnego-2025_26-1024x683.jpg' ><img alt='Zakonczenie-roku-szkolnego-2025_26' class='item skip-lazy' data-class='item' data-ftg-source='https:\/\/spkrauszow.ugnowytarg.pl\/wp-content\/uploads\/2025\/07\/Zakonczenie-roku-szkolnego-2025_26-1024x683.jpg' src='https:\/\/spkrauszow.ugnowytarg.pl\/wp-content\/uploads\/2025\/07\/Zakonczenie-roku-szkolnego-2025_26-1024x683.jpg' width='847' height='565' \/><span class='icon fa fa-zoom'><\/span><div class='caption-block'><div class='text-wrapper'><span class='title'>Zakonczenie-roku-szkolnego-2025_26<\/span><\/div><\/div><\/a><div class='ftg-social'><\/div><\/div><div  class='tile ftg-preload  '><a title=\"Zakonczenie-roku-szkolnego-2025_27\" data-lightbox='ftg-320320' rel='ftg-320320'  class=' tile-inner  ftg-lightbox' href='https:\/\/spkrauszow.ugnowytarg.pl\/wp-content\/uploads\/2025\/07\/Zakonczenie-roku-szkolnego-2025_27-1024x683.jpg' ><img alt='Zakonczenie-roku-szkolnego-2025_27' class='item skip-lazy' data-class='item' data-ftg-source='https:\/\/spkrauszow.ugnowytarg.pl\/wp-content\/uploads\/2025\/07\/Zakonczenie-roku-szkolnego-2025_27-1024x683.jpg' src='https:\/\/spkrauszow.ugnowytarg.pl\/wp-content\/uploads\/2025\/07\/Zakonczenie-roku-szkolnego-2025_27-1024x683.jpg' width='847' height='565' \/><span class='icon fa fa-zoom'><\/span><div class='caption-block'><div class='text-wrapper'><span class='title'>Zakonczenie-roku-szkolnego-2025_27<\/span><\/div><\/div><\/a><div class='ftg-social'><\/div><\/div><div  class='tile ftg-preload  '><a title=\"Zakonczenie-roku-szkolnego-2025_28\" data-lightbox='ftg-320320' rel='ftg-320320'  class=' tile-inner  ftg-lightbox' href='https:\/\/spkrauszow.ugnowytarg.pl\/wp-content\/uploads\/2025\/07\/Zakonczenie-roku-szkolnego-2025_28-1024x683.jpg' ><img alt='Zakonczenie-roku-szkolnego-2025_28' class='item skip-lazy' data-class='item' data-ftg-source='https:\/\/spkrauszow.ugnowytarg.pl\/wp-content\/uploads\/2025\/07\/Zakonczenie-roku-szkolnego-2025_28-1024x683.jpg' src='https:\/\/spkrauszow.ugnowytarg.pl\/wp-content\/uploads\/2025\/07\/Zakonczenie-roku-szkolnego-2025_28-1024x683.jpg' width='847' height='565' \/><span class='icon fa fa-zoom'><\/span><div class='caption-block'><div class='text-wrapper'><span class='title'>Zakonczenie-roku-szkolnego-2025_28<\/span><\/div><\/div><\/a><div class='ftg-social'><\/div><\/div><div  class='tile ftg-preload  '><a title=\"Zakonczenie-roku-szkolnego-2025_30\" data-lightbox='ftg-320320' rel='ftg-320320'  class=' tile-inner  ftg-lightbox' href='https:\/\/spkrauszow.ugnowytarg.pl\/wp-content\/uploads\/2025\/07\/Zakonczenie-roku-szkolnego-2025_30-1024x683.jpg' ><img alt='Zakonczenie-roku-szkolnego-2025_30' class='item skip-lazy' data-class='item' data-ftg-source='https:\/\/spkrauszow.ugnowytarg.pl\/wp-content\/uploads\/2025\/07\/Zakonczenie-roku-szkolnego-2025_30-1024x683.jpg' src='https:\/\/spkrauszow.ugnowytarg.pl\/wp-content\/uploads\/2025\/07\/Zakonczenie-roku-szkolnego-2025_30-1024x683.jpg' width='847' height='565' \/><span class='icon fa fa-zoom'><\/span><div class='caption-block'><div class='text-wrapper'><span class='title'>Zakonczenie-roku-szkolnego-2025_30<\/span><\/div><\/div><\/a><div class='ftg-social'><\/div><\/div><div  class='tile ftg-preload  '><a title=\"Zakonczenie-roku-szkolnego-2025_31\" data-lightbox='ftg-320320' rel='ftg-320320'  class=' tile-inner  ftg-lightbox' href='https:\/\/spkrauszow.ugnowytarg.pl\/wp-content\/uploads\/2025\/07\/Zakonczenie-roku-szkolnego-2025_31-683x1024.jpg' ><img alt='Zakonczenie-roku-szkolnego-2025_31' class='item skip-lazy' data-class='item' data-ftg-source='https:\/\/spkrauszow.ugnowytarg.pl\/wp-content\/uploads\/2025\/07\/Zakonczenie-roku-szkolnego-2025_31-683x1024.jpg' src='https:\/\/spkrauszow.ugnowytarg.pl\/wp-content\/uploads\/2025\/07\/Zakonczenie-roku-szkolnego-2025_31-683x1024.jpg' width='683' height='1024' \/><span class='icon fa fa-zoom'><\/span><div class='caption-block'><div class='text-wrapper'><span class='title'>Zakonczenie-roku-szkolnego-2025_31<\/span><\/div><\/div><\/a><div class='ftg-social'><\/div><\/div><div  class='tile ftg-preload  '><a title=\"Zakonczenie-roku-szkolnego-2025_32\" data-lightbox='ftg-320320' rel='ftg-320320'  class=' tile-inner  ftg-lightbox' href='https:\/\/spkrauszow.ugnowytarg.pl\/wp-content\/uploads\/2025\/07\/Zakonczenie-roku-szkolnego-2025_32-1024x683.jpg' ><img alt='Zakonczenie-roku-szkolnego-2025_32' class='item skip-lazy' data-class='item' data-ftg-source='https:\/\/spkrauszow.ugnowytarg.pl\/wp-content\/uploads\/2025\/07\/Zakonczenie-roku-szkolnego-2025_32-1024x683.jpg' src='https:\/\/spkrauszow.ugnowytarg.pl\/wp-content\/uploads\/2025\/07\/Zakonczenie-roku-szkolnego-2025_32-1024x683.jpg' width='847' height='565' \/><span class='icon fa fa-zoom'><\/span><div class='caption-block'><div class='text-wrapper'><span class='title'>Zakonczenie-roku-szkolnego-2025_32<\/span><\/div><\/div><\/a><div class='ftg-social'><\/div><\/div><div  class='tile ftg-preload  '><a title=\"Zakonczenie-roku-szkolnego-2025_33\" data-lightbox='ftg-320320' rel='ftg-320320'  class=' tile-inner  ftg-lightbox' href='https:\/\/spkrauszow.ugnowytarg.pl\/wp-content\/uploads\/2025\/07\/Zakonczenie-roku-szkolnego-2025_33-1024x683.jpg' ><img alt='Zakonczenie-roku-szkolnego-2025_33' class='item skip-lazy' data-class='item' data-ftg-source='https:\/\/spkrauszow.ugnowytarg.pl\/wp-content\/uploads\/2025\/07\/Zakonczenie-roku-szkolnego-2025_33-1024x683.jpg' src='https:\/\/spkrauszow.ugnowytarg.pl\/wp-content\/uploads\/2025\/07\/Zakonczenie-roku-szkolnego-2025_33-1024x683.jpg' width='847' height='565' \/><span class='icon fa fa-zoom'><\/span><div class='caption-block'><div class='text-wrapper'><span class='title'>Zakonczenie-roku-szkolnego-2025_33<\/span><\/div><\/div><\/a><div class='ftg-social'><\/div><\/div><div  class='tile ftg-preload  '><a title=\"Zakonczenie-roku-szkolnego-2025_34\" data-lightbox='ftg-320320' rel='ftg-320320'  class=' tile-inner  ftg-lightbox' href='https:\/\/spkrauszow.ugnowytarg.pl\/wp-content\/uploads\/2025\/07\/Zakonczenie-roku-szkolnego-2025_34-1024x683.jpg' ><img alt='Zakonczenie-roku-szkolnego-2025_34' class='item skip-lazy' data-class='item' data-ftg-source='https:\/\/spkrauszow.ugnowytarg.pl\/wp-content\/uploads\/2025\/07\/Zakonczenie-roku-szkolnego-2025_34-1024x683.jpg' src='https:\/\/spkrauszow.ugnowytarg.pl\/wp-content\/uploads\/2025\/07\/Zakonczenie-roku-szkolnego-2025_34-1024x683.jpg' width='847' height='565' \/><span class='icon fa fa-zoom'><\/span><div class='caption-block'><div class='text-wrapper'><span class='title'>Zakonczenie-roku-szkolnego-2025_34<\/span><\/div><\/div><\/a><div class='ftg-social'><\/div><\/div><div  class='tile ftg-preload  '><a title=\"Zakonczenie-roku-szkolnego-2025_35\" data-lightbox='ftg-320320' rel='ftg-320320'  class=' tile-inner  ftg-lightbox' href='https:\/\/spkrauszow.ugnowytarg.pl\/wp-content\/uploads\/2025\/07\/Zakonczenie-roku-szkolnego-2025_35-1024x683.jpg' ><img alt='Zakonczenie-roku-szkolnego-2025_35' class='item skip-lazy' data-class='item' data-ftg-source='https:\/\/spkrauszow.ugnowytarg.pl\/wp-content\/uploads\/2025\/07\/Zakonczenie-roku-szkolnego-2025_35-1024x683.jpg' src='https:\/\/spkrauszow.ugnowytarg.pl\/wp-content\/uploads\/2025\/07\/Zakonczenie-roku-szkolnego-2025_35-1024x683.jpg' width='847' height='565' \/><span class='icon fa fa-zoom'><\/span><div class='caption-block'><div class='text-wrapper'><span class='title'>Zakonczenie-roku-szkolnego-2025_35<\/span><\/div><\/div><\/a><div class='ftg-social'><\/div><\/div><div  class='tile ftg-preload  '><a title=\"Zakonczenie-roku-szkolnego-2025_36\" data-lightbox='ftg-320320' rel='ftg-320320'  class=' tile-inner  ftg-lightbox' href='https:\/\/spkrauszow.ugnowytarg.pl\/wp-content\/uploads\/2025\/07\/Zakonczenie-roku-szkolnego-2025_36-683x1024.jpg' ><img alt='Zakonczenie-roku-szkolnego-2025_36' class='item skip-lazy' data-class='item' data-ftg-source='https:\/\/spkrauszow.ugnowytarg.pl\/wp-content\/uploads\/2025\/07\/Zakonczenie-roku-szkolnego-2025_36-683x1024.jpg' src='https:\/\/spkrauszow.ugnowytarg.pl\/wp-content\/uploads\/2025\/07\/Zakonczenie-roku-szkolnego-2025_36-683x1024.jpg' width='683' height='1024' \/><span class='icon fa fa-zoom'><\/span><div class='caption-block'><div class='text-wrapper'><span class='title'>Zakonczenie-roku-szkolnego-2025_36<\/span><\/div><\/div><\/a><div class='ftg-social'><\/div><\/div><div  class='tile ftg-preload  '><a title=\"Zakonczenie-roku-szkolnego-2025_37\" data-lightbox='ftg-320320' rel='ftg-320320'  class=' tile-inner  ftg-lightbox' href='https:\/\/spkrauszow.ugnowytarg.pl\/wp-content\/uploads\/2025\/07\/Zakonczenie-roku-szkolnego-2025_37-1024x683.jpg' ><img alt='Zakonczenie-roku-szkolnego-2025_37' class='item skip-lazy' data-class='item' data-ftg-source='https:\/\/spkrauszow.ugnowytarg.pl\/wp-content\/uploads\/2025\/07\/Zakonczenie-roku-szkolnego-2025_37-1024x683.jpg' src='https:\/\/spkrauszow.ugnowytarg.pl\/wp-content\/uploads\/2025\/07\/Zakonczenie-roku-szkolnego-2025_37-1024x683.jpg' width='847' height='565' \/><span class='icon fa fa-zoom'><\/span><div class='caption-block'><div class='text-wrapper'><span class='title'>Zakonczenie-roku-szkolnego-2025_37<\/span><\/div><\/div><\/a><div class='ftg-social'><\/div><\/div><div  class='tile ftg-preload  '><a title=\"Zakonczenie-roku-szkolnego-2025_38\" data-lightbox='ftg-320320' rel='ftg-320320'  class=' tile-inner  ftg-lightbox' href='https:\/\/spkrauszow.ugnowytarg.pl\/wp-content\/uploads\/2025\/07\/Zakonczenie-roku-szkolnego-2025_38-1024x683.jpg' ><img alt='Zakonczenie-roku-szkolnego-2025_38' class='item skip-lazy' data-class='item' data-ftg-source='https:\/\/spkrauszow.ugnowytarg.pl\/wp-content\/uploads\/2025\/07\/Zakonczenie-roku-szkolnego-2025_38-1024x683.jpg' src='https:\/\/spkrauszow.ugnowytarg.pl\/wp-content\/uploads\/2025\/07\/Zakonczenie-roku-szkolnego-2025_38-1024x683.jpg' width='847' height='565' \/><span class='icon fa fa-zoom'><\/span><div class='caption-block'><div class='text-wrapper'><span class='title'>Zakonczenie-roku-szkolnego-2025_38<\/span><\/div><\/div><\/a><div class='ftg-social'><\/div><\/div><div  class='tile ftg-preload  '><a title=\"Zakonczenie-roku-szkolnego-2025_39\" data-lightbox='ftg-320320' rel='ftg-320320'  class=' tile-inner  ftg-lightbox' href='https:\/\/spkrauszow.ugnowytarg.pl\/wp-content\/uploads\/2025\/07\/Zakonczenie-roku-szkolnego-2025_39-1024x683.jpg' ><img alt='Zakonczenie-roku-szkolnego-2025_39' class='item skip-lazy' data-class='item' data-ftg-source='https:\/\/spkrauszow.ugnowytarg.pl\/wp-content\/uploads\/2025\/07\/Zakonczenie-roku-szkolnego-2025_39-1024x683.jpg' src='https:\/\/spkrauszow.ugnowytarg.pl\/wp-content\/uploads\/2025\/07\/Zakonczenie-roku-szkolnego-2025_39-1024x683.jpg' width='847' height='565' \/><span class='icon fa fa-zoom'><\/span><div class='caption-block'><div class='text-wrapper'><span class='title'>Zakonczenie-roku-szkolnego-2025_39<\/span><\/div><\/div><\/a><div class='ftg-social'><\/div><\/div><div  class='tile ftg-preload  '><a title=\"Zakonczenie-roku-szkolnego-2025_40\" data-lightbox='ftg-320320' rel='ftg-320320'  class=' tile-inner  ftg-lightbox' href='https:\/\/spkrauszow.ugnowytarg.pl\/wp-content\/uploads\/2025\/07\/Zakonczenie-roku-szkolnego-2025_40-1024x683.jpg' ><img alt='Zakonczenie-roku-szkolnego-2025_40' class='item skip-lazy' data-class='item' data-ftg-source='https:\/\/spkrauszow.ugnowytarg.pl\/wp-content\/uploads\/2025\/07\/Zakonczenie-roku-szkolnego-2025_40-1024x683.jpg' src='https:\/\/spkrauszow.ugnowytarg.pl\/wp-content\/uploads\/2025\/07\/Zakonczenie-roku-szkolnego-2025_40-1024x683.jpg' width='847' height='565' \/><span class='icon fa fa-zoom'><\/span><div class='caption-block'><div class='text-wrapper'><span class='title'>Zakonczenie-roku-szkolnego-2025_40<\/span><\/div><\/div><\/a><div class='ftg-social'><\/div><\/div><div  class='tile ftg-preload  '><a title=\"Zakonczenie-roku-szkolnego-2025_41\" data-lightbox='ftg-320320' rel='ftg-320320'  class=' tile-inner  ftg-lightbox' href='https:\/\/spkrauszow.ugnowytarg.pl\/wp-content\/uploads\/2025\/07\/Zakonczenie-roku-szkolnego-2025_41-683x1024.jpg' ><img alt='Zakonczenie-roku-szkolnego-2025_41' class='item skip-lazy' data-class='item' data-ftg-source='https:\/\/spkrauszow.ugnowytarg.pl\/wp-content\/uploads\/2025\/07\/Zakonczenie-roku-szkolnego-2025_41-683x1024.jpg' src='https:\/\/spkrauszow.ugnowytarg.pl\/wp-content\/uploads\/2025\/07\/Zakonczenie-roku-szkolnego-2025_41-683x1024.jpg' width='683' height='1024' \/><span class='icon fa fa-zoom'><\/span><div class='caption-block'><div class='text-wrapper'><span class='title'>Zakonczenie-roku-szkolnego-2025_41<\/span><\/div><\/div><\/a><div class='ftg-social'><\/div><\/div><div  class='tile ftg-preload  '><a title=\"Zakonczenie-roku-szkolnego-2025_42\" data-lightbox='ftg-320320' rel='ftg-320320'  class=' tile-inner  ftg-lightbox' href='https:\/\/spkrauszow.ugnowytarg.pl\/wp-content\/uploads\/2025\/07\/Zakonczenie-roku-szkolnego-2025_42-1024x683.jpg' ><img alt='Zakonczenie-roku-szkolnego-2025_42' class='item skip-lazy' data-class='item' data-ftg-source='https:\/\/spkrauszow.ugnowytarg.pl\/wp-content\/uploads\/2025\/07\/Zakonczenie-roku-szkolnego-2025_42-1024x683.jpg' src='https:\/\/spkrauszow.ugnowytarg.pl\/wp-content\/uploads\/2025\/07\/Zakonczenie-roku-szkolnego-2025_42-1024x683.jpg' width='847' height='565' \/><span class='icon fa fa-zoom'><\/span><div class='caption-block'><div class='text-wrapper'><span class='title'>Zakonczenie-roku-szkolnego-2025_42<\/span><\/div><\/div><\/a><div class='ftg-social'><\/div><\/div><div  class='tile ftg-preload  '><a title=\"Zakonczenie-roku-szkolnego-2025_44\" data-lightbox='ftg-320320' rel='ftg-320320'  class=' tile-inner  ftg-lightbox' href='https:\/\/spkrauszow.ugnowytarg.pl\/wp-content\/uploads\/2025\/07\/Zakonczenie-roku-szkolnego-2025_44-683x1024.jpg' ><img alt='Zakonczenie-roku-szkolnego-2025_44' class='item skip-lazy' data-class='item' data-ftg-source='https:\/\/spkrauszow.ugnowytarg.pl\/wp-content\/uploads\/2025\/07\/Zakonczenie-roku-szkolnego-2025_44-683x1024.jpg' src='https:\/\/spkrauszow.ugnowytarg.pl\/wp-content\/uploads\/2025\/07\/Zakonczenie-roku-szkolnego-2025_44-683x1024.jpg' width='683' height='1024' \/><span class='icon fa fa-zoom'><\/span><div class='caption-block'><div class='text-wrapper'><span class='title'>Zakonczenie-roku-szkolnego-2025_44<\/span><\/div><\/div><\/a><div class='ftg-social'><\/div><\/div><div  class='tile ftg-preload  '><a title=\"Zakonczenie-roku-szkolnego-2025_45\" data-lightbox='ftg-320320' rel='ftg-320320'  class=' tile-inner  ftg-lightbox' href='https:\/\/spkrauszow.ugnowytarg.pl\/wp-content\/uploads\/2025\/07\/Zakonczenie-roku-szkolnego-2025_45-1024x683.jpg' ><img alt='Zakonczenie-roku-szkolnego-2025_45' class='item skip-lazy' data-class='item' data-ftg-source='https:\/\/spkrauszow.ugnowytarg.pl\/wp-content\/uploads\/2025\/07\/Zakonczenie-roku-szkolnego-2025_45-1024x683.jpg' src='https:\/\/spkrauszow.ugnowytarg.pl\/wp-content\/uploads\/2025\/07\/Zakonczenie-roku-szkolnego-2025_45-1024x683.jpg' width='847' height='565' \/><span class='icon fa fa-zoom'><\/span><div class='caption-block'><div class='text-wrapper'><span class='title'>Zakonczenie-roku-szkolnego-2025_45<\/span><\/div><\/div><\/a><div class='ftg-social'><\/div><\/div><div  class='tile ftg-preload  '><a title=\"Zakonczenie-roku-szkolnego-2025_46\" data-lightbox='ftg-320320' rel='ftg-320320'  class=' tile-inner  ftg-lightbox' href='https:\/\/spkrauszow.ugnowytarg.pl\/wp-content\/uploads\/2025\/07\/Zakonczenie-roku-szkolnego-2025_46-1024x683.jpg' ><img alt='Zakonczenie-roku-szkolnego-2025_46' class='item skip-lazy' data-class='item' data-ftg-source='https:\/\/spkrauszow.ugnowytarg.pl\/wp-content\/uploads\/2025\/07\/Zakonczenie-roku-szkolnego-2025_46-1024x683.jpg' src='https:\/\/spkrauszow.ugnowytarg.pl\/wp-content\/uploads\/2025\/07\/Zakonczenie-roku-szkolnego-2025_46-1024x683.jpg' width='847' height='565' \/><span class='icon fa fa-zoom'><\/span><div class='caption-block'><div class='text-wrapper'><span class='title'>Zakonczenie-roku-szkolnego-2025_46<\/span><\/div><\/div><\/a><div class='ftg-social'><\/div><\/div><div  class='tile ftg-preload  '><a title=\"Zakonczenie-roku-szkolnego-2025_47\" data-lightbox='ftg-320320' rel='ftg-320320'  class=' tile-inner  ftg-lightbox' href='https:\/\/spkrauszow.ugnowytarg.pl\/wp-content\/uploads\/2025\/07\/Zakonczenie-roku-szkolnego-2025_47-1024x683.jpg' ><img alt='Zakonczenie-roku-szkolnego-2025_47' class='item skip-lazy' data-class='item' data-ftg-source='https:\/\/spkrauszow.ugnowytarg.pl\/wp-content\/uploads\/2025\/07\/Zakonczenie-roku-szkolnego-2025_47-1024x683.jpg' src='https:\/\/spkrauszow.ugnowytarg.pl\/wp-content\/uploads\/2025\/07\/Zakonczenie-roku-szkolnego-2025_47-1024x683.jpg' width='847' height='565' \/><span class='icon fa fa-zoom'><\/span><div class='caption-block'><div class='text-wrapper'><span class='title'>Zakonczenie-roku-szkolnego-2025_47<\/span><\/div><\/div><\/a><div class='ftg-social'><\/div><\/div><div  class='tile ftg-preload  '><a title=\"Zakonczenie-roku-szkolnego-2025_48\" data-lightbox='ftg-320320' rel='ftg-320320'  class=' tile-inner  ftg-lightbox' href='https:\/\/spkrauszow.ugnowytarg.pl\/wp-content\/uploads\/2025\/07\/Zakonczenie-roku-szkolnego-2025_48-1024x683.jpg' ><img alt='Zakonczenie-roku-szkolnego-2025_48' class='item skip-lazy' data-class='item' data-ftg-source='https:\/\/spkrauszow.ugnowytarg.pl\/wp-content\/uploads\/2025\/07\/Zakonczenie-roku-szkolnego-2025_48-1024x683.jpg' src='https:\/\/spkrauszow.ugnowytarg.pl\/wp-content\/uploads\/2025\/07\/Zakonczenie-roku-szkolnego-2025_48-1024x683.jpg' width='847' height='565' \/><span class='icon fa fa-zoom'><\/span><div class='caption-block'><div class='text-wrapper'><span class='title'>Zakonczenie-roku-szkolnego-2025_48<\/span><\/div><\/div><\/a><div class='ftg-social'><\/div><\/div><div  class='tile ftg-preload  '><a title=\"Zakonczenie-roku-szkolnego-2025_49\" data-lightbox='ftg-320320' rel='ftg-320320'  class=' tile-inner  ftg-lightbox' href='https:\/\/spkrauszow.ugnowytarg.pl\/wp-content\/uploads\/2025\/07\/Zakonczenie-roku-szkolnego-2025_49-1024x683.jpg' ><img alt='Zakonczenie-roku-szkolnego-2025_49' class='item skip-lazy' data-class='item' data-ftg-source='https:\/\/spkrauszow.ugnowytarg.pl\/wp-content\/uploads\/2025\/07\/Zakonczenie-roku-szkolnego-2025_49-1024x683.jpg' src='https:\/\/spkrauszow.ugnowytarg.pl\/wp-content\/uploads\/2025\/07\/Zakonczenie-roku-szkolnego-2025_49-1024x683.jpg' width='847' height='565' \/><span class='icon fa fa-zoom'><\/span><div class='caption-block'><div class='text-wrapper'><span class='title'>Zakonczenie-roku-szkolnego-2025_49<\/span><\/div><\/div><\/a><div class='ftg-social'><\/div><\/div><div  class='tile ftg-preload  '><a title=\"Zakonczenie-roku-szkolnego-2025_50\" data-lightbox='ftg-320320' rel='ftg-320320'  class=' tile-inner  ftg-lightbox' href='https:\/\/spkrauszow.ugnowytarg.pl\/wp-content\/uploads\/2025\/07\/Zakonczenie-roku-szkolnego-2025_50-1024x683.jpg' ><img alt='Zakonczenie-roku-szkolnego-2025_50' class='item skip-lazy' data-class='item' data-ftg-source='https:\/\/spkrauszow.ugnowytarg.pl\/wp-content\/uploads\/2025\/07\/Zakonczenie-roku-szkolnego-2025_50-1024x683.jpg' src='https:\/\/spkrauszow.ugnowytarg.pl\/wp-content\/uploads\/2025\/07\/Zakonczenie-roku-szkolnego-2025_50-1024x683.jpg' width='847' height='565' \/><span class='icon fa fa-zoom'><\/span><div class='caption-block'><div class='text-wrapper'><span class='title'>Zakonczenie-roku-szkolnego-2025_50<\/span><\/div><\/div><\/a><div class='ftg-social'><\/div><\/div><div  class='tile ftg-preload  '><a title=\"Zakonczenie-roku-szkolnego-2025_51\" data-lightbox='ftg-320320' rel='ftg-320320'  class=' tile-inner  ftg-lightbox' href='https:\/\/spkrauszow.ugnowytarg.pl\/wp-content\/uploads\/2025\/07\/Zakonczenie-roku-szkolnego-2025_51-1024x683.jpg' ><img alt='Zakonczenie-roku-szkolnego-2025_51' class='item skip-lazy' data-class='item' data-ftg-source='https:\/\/spkrauszow.ugnowytarg.pl\/wp-content\/uploads\/2025\/07\/Zakonczenie-roku-szkolnego-2025_51-1024x683.jpg' src='https:\/\/spkrauszow.ugnowytarg.pl\/wp-content\/uploads\/2025\/07\/Zakonczenie-roku-szkolnego-2025_51-1024x683.jpg' width='847' height='565' \/><span class='icon fa fa-zoom'><\/span><div class='caption-block'><div class='text-wrapper'><span class='title'>Zakonczenie-roku-szkolnego-2025_51<\/span><\/div><\/div><\/a><div class='ftg-social'><\/div><\/div><div  class='tile ftg-preload  '><a title=\"Zakonczenie-roku-szkolnego-2025_52\" data-lightbox='ftg-320320' rel='ftg-320320'  class=' tile-inner  ftg-lightbox' href='https:\/\/spkrauszow.ugnowytarg.pl\/wp-content\/uploads\/2025\/07\/Zakonczenie-roku-szkolnego-2025_52-1024x683.jpg' ><img alt='Zakonczenie-roku-szkolnego-2025_52' class='item skip-lazy' data-class='item' data-ftg-source='https:\/\/spkrauszow.ugnowytarg.pl\/wp-content\/uploads\/2025\/07\/Zakonczenie-roku-szkolnego-2025_52-1024x683.jpg' src='https:\/\/spkrauszow.ugnowytarg.pl\/wp-content\/uploads\/2025\/07\/Zakonczenie-roku-szkolnego-2025_52-1024x683.jpg' width='847' height='565' \/><span class='icon fa fa-zoom'><\/span><div class='caption-block'><div class='text-wrapper'><span class='title'>Zakonczenie-roku-szkolnego-2025_52<\/span><\/div><\/div><\/a><div class='ftg-social'><\/div><\/div><div  class='tile ftg-preload  '><a title=\"Zakonczenie-roku-szkolnego-2025_53\" data-lightbox='ftg-320320' rel='ftg-320320'  class=' tile-inner  ftg-lightbox' href='https:\/\/spkrauszow.ugnowytarg.pl\/wp-content\/uploads\/2025\/07\/Zakonczenie-roku-szkolnego-2025_53-683x1024.jpg' ><img alt='Zakonczenie-roku-szkolnego-2025_53' class='item skip-lazy' data-class='item' data-ftg-source='https:\/\/spkrauszow.ugnowytarg.pl\/wp-content\/uploads\/2025\/07\/Zakonczenie-roku-szkolnego-2025_53-683x1024.jpg' src='https:\/\/spkrauszow.ugnowytarg.pl\/wp-content\/uploads\/2025\/07\/Zakonczenie-roku-szkolnego-2025_53-683x1024.jpg' width='683' height='1024' \/><span class='icon fa fa-zoom'><\/span><div class='caption-block'><div class='text-wrapper'><span class='title'>Zakonczenie-roku-szkolnego-2025_53<\/span><\/div><\/div><\/a><div class='ftg-social'><\/div><\/div><div  class='tile ftg-preload  '><a title=\"Zakonczenie-roku-szkolnego-2025_54\" data-lightbox='ftg-320320' rel='ftg-320320'  class=' tile-inner  ftg-lightbox' href='https:\/\/spkrauszow.ugnowytarg.pl\/wp-content\/uploads\/2025\/07\/Zakonczenie-roku-szkolnego-2025_54-683x1024.jpg' ><img alt='Zakonczenie-roku-szkolnego-2025_54' class='item skip-lazy' data-class='item' data-ftg-source='https:\/\/spkrauszow.ugnowytarg.pl\/wp-content\/uploads\/2025\/07\/Zakonczenie-roku-szkolnego-2025_54-683x1024.jpg' src='https:\/\/spkrauszow.ugnowytarg.pl\/wp-content\/uploads\/2025\/07\/Zakonczenie-roku-szkolnego-2025_54-683x1024.jpg' width='683' height='1024' \/><span class='icon fa fa-zoom'><\/span><div class='caption-block'><div class='text-wrapper'><span class='title'>Zakonczenie-roku-szkolnego-2025_54<\/span><\/div><\/div><\/a><div class='ftg-social'><\/div><\/div><div  class='tile ftg-preload  '><a title=\"Zakonczenie-roku-szkolnego-2025_55\" data-lightbox='ftg-320320' rel='ftg-320320'  class=' tile-inner  ftg-lightbox' href='https:\/\/spkrauszow.ugnowytarg.pl\/wp-content\/uploads\/2025\/07\/Zakonczenie-roku-szkolnego-2025_55-683x1024.jpg' ><img alt='Zakonczenie-roku-szkolnego-2025_55' class='item skip-lazy' data-class='item' data-ftg-source='https:\/\/spkrauszow.ugnowytarg.pl\/wp-content\/uploads\/2025\/07\/Zakonczenie-roku-szkolnego-2025_55-683x1024.jpg' src='https:\/\/spkrauszow.ugnowytarg.pl\/wp-content\/uploads\/2025\/07\/Zakonczenie-roku-szkolnego-2025_55-683x1024.jpg' width='683' height='1024' \/><span class='icon fa fa-zoom'><\/span><div class='caption-block'><div class='text-wrapper'><span class='title'>Zakonczenie-roku-szkolnego-2025_55<\/span><\/div><\/div><\/a><div class='ftg-social'><\/div><\/div><div  class='tile ftg-preload  '><a title=\"Zakonczenie-roku-szkolnego-2025_56\" data-lightbox='ftg-320320' rel='ftg-320320'  class=' tile-inner  ftg-lightbox' href='https:\/\/spkrauszow.ugnowytarg.pl\/wp-content\/uploads\/2025\/07\/Zakonczenie-roku-szkolnego-2025_56-1024x683.jpg' ><img alt='Zakonczenie-roku-szkolnego-2025_56' class='item skip-lazy' data-class='item' data-ftg-source='https:\/\/spkrauszow.ugnowytarg.pl\/wp-content\/uploads\/2025\/07\/Zakonczenie-roku-szkolnego-2025_56-1024x683.jpg' src='https:\/\/spkrauszow.ugnowytarg.pl\/wp-content\/uploads\/2025\/07\/Zakonczenie-roku-szkolnego-2025_56-1024x683.jpg' width='847' height='565' \/><span class='icon fa fa-zoom'><\/span><div class='caption-block'><div class='text-wrapper'><span class='title'>Zakonczenie-roku-szkolnego-2025_56<\/span><\/div><\/div><\/a><div class='ftg-social'><\/div><\/div><div  class='tile ftg-preload  '><a title=\"Zakonczenie-roku-szkolnego-2025_57\" data-lightbox='ftg-320320' rel='ftg-320320'  class=' tile-inner  ftg-lightbox' href='https:\/\/spkrauszow.ugnowytarg.pl\/wp-content\/uploads\/2025\/07\/Zakonczenie-roku-szkolnego-2025_57-683x1024.jpg' ><img alt='Zakonczenie-roku-szkolnego-2025_57' class='item skip-lazy' data-class='item' data-ftg-source='https:\/\/spkrauszow.ugnowytarg.pl\/wp-content\/uploads\/2025\/07\/Zakonczenie-roku-szkolnego-2025_57-683x1024.jpg' src='https:\/\/spkrauszow.ugnowytarg.pl\/wp-content\/uploads\/2025\/07\/Zakonczenie-roku-szkolnego-2025_57-683x1024.jpg' width='683' height='1024' \/><span class='icon fa fa-zoom'><\/span><div class='caption-block'><div class='text-wrapper'><span class='title'>Zakonczenie-roku-szkolnego-2025_57<\/span><\/div><\/div><\/a><div class='ftg-social'><\/div><\/div><div  class='tile ftg-preload  '><a title=\"Zakonczenie-roku-szkolnego-2025_58\" data-lightbox='ftg-320320' rel='ftg-320320'  class=' tile-inner  ftg-lightbox' href='https:\/\/spkrauszow.ugnowytarg.pl\/wp-content\/uploads\/2025\/07\/Zakonczenie-roku-szkolnego-2025_58-1024x683.jpg' ><img alt='Zakonczenie-roku-szkolnego-2025_58' class='item skip-lazy' data-class='item' data-ftg-source='https:\/\/spkrauszow.ugnowytarg.pl\/wp-content\/uploads\/2025\/07\/Zakonczenie-roku-szkolnego-2025_58-1024x683.jpg' src='https:\/\/spkrauszow.ugnowytarg.pl\/wp-content\/uploads\/2025\/07\/Zakonczenie-roku-szkolnego-2025_58-1024x683.jpg' width='847' height='565' \/><span class='icon fa fa-zoom'><\/span><div class='caption-block'><div class='text-wrapper'><span class='title'>Zakonczenie-roku-szkolnego-2025_58<\/span><\/div><\/div><\/a><div class='ftg-social'><\/div><\/div><div  class='tile ftg-preload  '><a title=\"Zakonczenie-roku-szkolnego-2025_59\" data-lightbox='ftg-320320' rel='ftg-320320'  class=' tile-inner  ftg-lightbox' href='https:\/\/spkrauszow.ugnowytarg.pl\/wp-content\/uploads\/2025\/07\/Zakonczenie-roku-szkolnego-2025_59-683x1024.jpg' ><img alt='Zakonczenie-roku-szkolnego-2025_59' class='item skip-lazy' data-class='item' data-ftg-source='https:\/\/spkrauszow.ugnowytarg.pl\/wp-content\/uploads\/2025\/07\/Zakonczenie-roku-szkolnego-2025_59-683x1024.jpg' src='https:\/\/spkrauszow.ugnowytarg.pl\/wp-content\/uploads\/2025\/07\/Zakonczenie-roku-szkolnego-2025_59-683x1024.jpg' width='683' height='1024' \/><span class='icon fa fa-zoom'><\/span><div class='caption-block'><div class='text-wrapper'><span class='title'>Zakonczenie-roku-szkolnego-2025_59<\/span><\/div><\/div><\/a><div class='ftg-social'><\/div><\/div><div  class='tile ftg-preload  '><a title=\"Zakonczenie-roku-szkolnego-2025_60\" data-lightbox='ftg-320320' rel='ftg-320320'  class=' tile-inner  ftg-lightbox' href='https:\/\/spkrauszow.ugnowytarg.pl\/wp-content\/uploads\/2025\/07\/Zakonczenie-roku-szkolnego-2025_60-683x1024.jpg' ><img alt='Zakonczenie-roku-szkolnego-2025_60' class='item skip-lazy' data-class='item' data-ftg-source='https:\/\/spkrauszow.ugnowytarg.pl\/wp-content\/uploads\/2025\/07\/Zakonczenie-roku-szkolnego-2025_60-683x1024.jpg' src='https:\/\/spkrauszow.ugnowytarg.pl\/wp-content\/uploads\/2025\/07\/Zakonczenie-roku-szkolnego-2025_60-683x1024.jpg' width='683' height='1024' \/><span class='icon fa fa-zoom'><\/span><div class='caption-block'><div class='text-wrapper'><span class='title'>Zakonczenie-roku-szkolnego-2025_60<\/span><\/div><\/div><\/a><div class='ftg-social'><\/div><\/div><div  class='tile ftg-preload  '><a title=\"Zakonczenie-roku-szkolnego-2025_61\" data-lightbox='ftg-320320' rel='ftg-320320'  class=' tile-inner  ftg-lightbox' href='https:\/\/spkrauszow.ugnowytarg.pl\/wp-content\/uploads\/2025\/07\/Zakonczenie-roku-szkolnego-2025_61-683x1024.jpg' ><img alt='Zakonczenie-roku-szkolnego-2025_61' class='item skip-lazy' data-class='item' data-ftg-source='https:\/\/spkrauszow.ugnowytarg.pl\/wp-content\/uploads\/2025\/07\/Zakonczenie-roku-szkolnego-2025_61-683x1024.jpg' src='https:\/\/spkrauszow.ugnowytarg.pl\/wp-content\/uploads\/2025\/07\/Zakonczenie-roku-szkolnego-2025_61-683x1024.jpg' width='683' height='1024' \/><span class='icon fa fa-zoom'><\/span><div class='caption-block'><div class='text-wrapper'><span class='title'>Zakonczenie-roku-szkolnego-2025_61<\/span><\/div><\/div><\/a><div class='ftg-social'><\/div><\/div><div  class='tile ftg-preload  '><a title=\"Zakonczenie-roku-szkolnego-2025_62\" data-lightbox='ftg-320320' rel='ftg-320320'  class=' tile-inner  ftg-lightbox' href='https:\/\/spkrauszow.ugnowytarg.pl\/wp-content\/uploads\/2025\/07\/Zakonczenie-roku-szkolnego-2025_62-683x1024.jpg' ><img alt='Zakonczenie-roku-szkolnego-2025_62' class='item skip-lazy' data-class='item' data-ftg-source='https:\/\/spkrauszow.ugnowytarg.pl\/wp-content\/uploads\/2025\/07\/Zakonczenie-roku-szkolnego-2025_62-683x1024.jpg' src='https:\/\/spkrauszow.ugnowytarg.pl\/wp-content\/uploads\/2025\/07\/Zakonczenie-roku-szkolnego-2025_62-683x1024.jpg' width='683' height='1024' \/><span class='icon fa fa-zoom'><\/span><div class='caption-block'><div class='text-wrapper'><span class='title'>Zakonczenie-roku-szkolnego-2025_62<\/span><\/div><\/div><\/a><div class='ftg-social'><\/div><\/div><div  class='tile ftg-preload  '><a title=\"Zakonczenie-roku-szkolnego-2025_63\" data-lightbox='ftg-320320' rel='ftg-320320'  class=' tile-inner  ftg-lightbox' href='https:\/\/spkrauszow.ugnowytarg.pl\/wp-content\/uploads\/2025\/07\/Zakonczenie-roku-szkolnego-2025_63-1024x683.jpg' ><img alt='Zakonczenie-roku-szkolnego-2025_63' class='item skip-lazy' data-class='item' data-ftg-source='https:\/\/spkrauszow.ugnowytarg.pl\/wp-content\/uploads\/2025\/07\/Zakonczenie-roku-szkolnego-2025_63-1024x683.jpg' src='https:\/\/spkrauszow.ugnowytarg.pl\/wp-content\/uploads\/2025\/07\/Zakonczenie-roku-szkolnego-2025_63-1024x683.jpg' width='847' height='565' \/><span class='icon fa fa-zoom'><\/span><div class='caption-block'><div class='text-wrapper'><span class='title'>Zakonczenie-roku-szkolnego-2025_63<\/span><\/div><\/div><\/a><div class='ftg-social'><\/div><\/div><div  class='tile ftg-preload  '><a title=\"Zakonczenie-roku-szkolnego-2025_64\" data-lightbox='ftg-320320' rel='ftg-320320'  class=' tile-inner  ftg-lightbox' href='https:\/\/spkrauszow.ugnowytarg.pl\/wp-content\/uploads\/2025\/07\/Zakonczenie-roku-szkolnego-2025_64-1024x683.jpg' ><img alt='Zakonczenie-roku-szkolnego-2025_64' class='item skip-lazy' data-class='item' data-ftg-source='https:\/\/spkrauszow.ugnowytarg.pl\/wp-content\/uploads\/2025\/07\/Zakonczenie-roku-szkolnego-2025_64-1024x683.jpg' src='https:\/\/spkrauszow.ugnowytarg.pl\/wp-content\/uploads\/2025\/07\/Zakonczenie-roku-szkolnego-2025_64-1024x683.jpg' width='847' height='565' \/><span class='icon fa fa-zoom'><\/span><div class='caption-block'><div class='text-wrapper'><span class='title'>Zakonczenie-roku-szkolnego-2025_64<\/span><\/div><\/div><\/a><div class='ftg-social'><\/div><\/div><div  class='tile ftg-preload  '><a title=\"Zakonczenie-roku-szkolnego-2025_65\" data-lightbox='ftg-320320' rel='ftg-320320'  class=' tile-inner  ftg-lightbox' href='https:\/\/spkrauszow.ugnowytarg.pl\/wp-content\/uploads\/2025\/07\/Zakonczenie-roku-szkolnego-2025_65-683x1024.jpg' ><img alt='Zakonczenie-roku-szkolnego-2025_65' class='item skip-lazy' data-class='item' data-ftg-source='https:\/\/spkrauszow.ugnowytarg.pl\/wp-content\/uploads\/2025\/07\/Zakonczenie-roku-szkolnego-2025_65-683x1024.jpg' src='https:\/\/spkrauszow.ugnowytarg.pl\/wp-content\/uploads\/2025\/07\/Zakonczenie-roku-szkolnego-2025_65-683x1024.jpg' width='683' height='1024' \/><span class='icon fa fa-zoom'><\/span><div class='caption-block'><div class='text-wrapper'><span class='title'>Zakonczenie-roku-szkolnego-2025_65<\/span><\/div><\/div><\/a><div class='ftg-social'><\/div><\/div><div  class='tile ftg-preload  '><a title=\"Zakonczenie-roku-szkolnego-2025_66\" data-lightbox='ftg-320320' rel='ftg-320320'  class=' tile-inner  ftg-lightbox' href='https:\/\/spkrauszow.ugnowytarg.pl\/wp-content\/uploads\/2025\/07\/Zakonczenie-roku-szkolnego-2025_66-683x1024.jpg' ><img alt='Zakonczenie-roku-szkolnego-2025_66' class='item skip-lazy' data-class='item' data-ftg-source='https:\/\/spkrauszow.ugnowytarg.pl\/wp-content\/uploads\/2025\/07\/Zakonczenie-roku-szkolnego-2025_66-683x1024.jpg' src='https:\/\/spkrauszow.ugnowytarg.pl\/wp-content\/uploads\/2025\/07\/Zakonczenie-roku-szkolnego-2025_66-683x1024.jpg' width='683' height='1024' \/><span class='icon fa fa-zoom'><\/span><div class='caption-block'><div class='text-wrapper'><span class='title'>Zakonczenie-roku-szkolnego-2025_66<\/span><\/div><\/div><\/a><div class='ftg-social'><\/div><\/div><div  class='tile ftg-preload  '><a title=\"Zakonczenie-roku-szkolnego-2025_67\" data-lightbox='ftg-320320' rel='ftg-320320'  class=' tile-inner  ftg-lightbox' href='https:\/\/spkrauszow.ugnowytarg.pl\/wp-content\/uploads\/2025\/07\/Zakonczenie-roku-szkolnego-2025_67-1024x683.jpg' ><img alt='Zakonczenie-roku-szkolnego-2025_67' class='item skip-lazy' data-class='item' data-ftg-source='https:\/\/spkrauszow.ugnowytarg.pl\/wp-content\/uploads\/2025\/07\/Zakonczenie-roku-szkolnego-2025_67-1024x683.jpg' src='https:\/\/spkrauszow.ugnowytarg.pl\/wp-content\/uploads\/2025\/07\/Zakonczenie-roku-szkolnego-2025_67-1024x683.jpg' width='847' height='565' \/><span class='icon fa fa-zoom'><\/span><div class='caption-block'><div class='text-wrapper'><span class='title'>Zakonczenie-roku-szkolnego-2025_67<\/span><\/div><\/div><\/a><div class='ftg-social'><\/div><\/div><div  class='tile ftg-preload  '><a title=\"Zakonczenie-roku-szkolnego-2025_68\" data-lightbox='ftg-320320' rel='ftg-320320'  class=' tile-inner  ftg-lightbox' href='https:\/\/spkrauszow.ugnowytarg.pl\/wp-content\/uploads\/2025\/07\/Zakonczenie-roku-szkolnego-2025_68-1024x683.jpg' ><img alt='Zakonczenie-roku-szkolnego-2025_68' class='item skip-lazy' data-class='item' data-ftg-source='https:\/\/spkrauszow.ugnowytarg.pl\/wp-content\/uploads\/2025\/07\/Zakonczenie-roku-szkolnego-2025_68-1024x683.jpg' src='https:\/\/spkrauszow.ugnowytarg.pl\/wp-content\/uploads\/2025\/07\/Zakonczenie-roku-szkolnego-2025_68-1024x683.jpg' width='847' height='565' \/><span class='icon fa fa-zoom'><\/span><div class='caption-block'><div class='text-wrapper'><span class='title'>Zakonczenie-roku-szkolnego-2025_68<\/span><\/div><\/div><\/a><div class='ftg-social'><\/div><\/div><div  class='tile ftg-preload  '><a title=\"Zakonczenie-roku-szkolnego-2025_69\" data-lightbox='ftg-320320' rel='ftg-320320'  class=' tile-inner  ftg-lightbox' href='https:\/\/spkrauszow.ugnowytarg.pl\/wp-content\/uploads\/2025\/07\/Zakonczenie-roku-szkolnego-2025_69-1024x683.jpg' ><img alt='Zakonczenie-roku-szkolnego-2025_69' class='item skip-lazy' data-class='item' data-ftg-source='https:\/\/spkrauszow.ugnowytarg.pl\/wp-content\/uploads\/2025\/07\/Zakonczenie-roku-szkolnego-2025_69-1024x683.jpg' src='https:\/\/spkrauszow.ugnowytarg.pl\/wp-content\/uploads\/2025\/07\/Zakonczenie-roku-szkolnego-2025_69-1024x683.jpg' width='847' height='565' \/><span class='icon fa fa-zoom'><\/span><div class='caption-block'><div class='text-wrapper'><span class='title'>Zakonczenie-roku-szkolnego-2025_69<\/span><\/div><\/div><\/a><div class='ftg-social'><\/div><\/div><div  class='tile ftg-preload  '><a title=\"Zakonczenie-roku-szkolnego-2025_70\" data-lightbox='ftg-320320' rel='ftg-320320'  class=' tile-inner  ftg-lightbox' href='https:\/\/spkrauszow.ugnowytarg.pl\/wp-content\/uploads\/2025\/07\/Zakonczenie-roku-szkolnego-2025_70-683x1024.jpg' ><img alt='Zakonczenie-roku-szkolnego-2025_70' class='item skip-lazy' data-class='item' data-ftg-source='https:\/\/spkrauszow.ugnowytarg.pl\/wp-content\/uploads\/2025\/07\/Zakonczenie-roku-szkolnego-2025_70-683x1024.jpg' src='https:\/\/spkrauszow.ugnowytarg.pl\/wp-content\/uploads\/2025\/07\/Zakonczenie-roku-szkolnego-2025_70-683x1024.jpg' width='683' height='1024' \/><span class='icon fa fa-zoom'><\/span><div class='caption-block'><div class='text-wrapper'><span class='title'>Zakonczenie-roku-szkolnego-2025_70<\/span><\/div><\/div><\/a><div class='ftg-social'><\/div><\/div><div  class='tile ftg-preload  '><a title=\"Zakonczenie-roku-szkolnego-2025_72\" data-lightbox='ftg-320320' rel='ftg-320320'  class=' tile-inner  ftg-lightbox' href='https:\/\/spkrauszow.ugnowytarg.pl\/wp-content\/uploads\/2025\/07\/Zakonczenie-roku-szkolnego-2025_72-683x1024.jpg' ><img alt='Zakonczenie-roku-szkolnego-2025_72' class='item skip-lazy' data-class='item' data-ftg-source='https:\/\/spkrauszow.ugnowytarg.pl\/wp-content\/uploads\/2025\/07\/Zakonczenie-roku-szkolnego-2025_72-683x1024.jpg' src='https:\/\/spkrauszow.ugnowytarg.pl\/wp-content\/uploads\/2025\/07\/Zakonczenie-roku-szkolnego-2025_72-683x1024.jpg' width='683' height='1024' \/><span class='icon fa fa-zoom'><\/span><div class='caption-block'><div class='text-wrapper'><span class='title'>Zakonczenie-roku-szkolnego-2025_72<\/span><\/div><\/div><\/a><div class='ftg-social'><\/div><\/div><div  class='tile ftg-preload  '><a title=\"Zakonczenie-roku-szkolnego-2025_73\" data-lightbox='ftg-320320' rel='ftg-320320'  class=' tile-inner  ftg-lightbox' href='https:\/\/spkrauszow.ugnowytarg.pl\/wp-content\/uploads\/2025\/07\/Zakonczenie-roku-szkolnego-2025_73-1024x683.jpg' ><img alt='Zakonczenie-roku-szkolnego-2025_73' class='item skip-lazy' data-class='item' data-ftg-source='https:\/\/spkrauszow.ugnowytarg.pl\/wp-content\/uploads\/2025\/07\/Zakonczenie-roku-szkolnego-2025_73-1024x683.jpg' src='https:\/\/spkrauszow.ugnowytarg.pl\/wp-content\/uploads\/2025\/07\/Zakonczenie-roku-szkolnego-2025_73-1024x683.jpg' width='847' height='565' \/><span class='icon fa fa-zoom'><\/span><div class='caption-block'><div class='text-wrapper'><span class='title'>Zakonczenie-roku-szkolnego-2025_73<\/span><\/div><\/div><\/a><div class='ftg-social'><\/div><\/div><div  class='tile ftg-preload  '><a title=\"Zakonczenie-roku-szkolnego-2025_29\" data-lightbox='ftg-320320' rel='ftg-320320'  class=' tile-inner  ftg-lightbox' href='https:\/\/spkrauszow.ugnowytarg.pl\/wp-content\/uploads\/2025\/07\/Zakonczenie-roku-szkolnego-2025_29-1-1024x683.jpg' ><img alt='Zakonczenie-roku-szkolnego-2025_29' class='item skip-lazy' data-class='item' data-ftg-source='https:\/\/spkrauszow.ugnowytarg.pl\/wp-content\/uploads\/2025\/07\/Zakonczenie-roku-szkolnego-2025_29-1-1024x683.jpg' src='https:\/\/spkrauszow.ugnowytarg.pl\/wp-content\/uploads\/2025\/07\/Zakonczenie-roku-szkolnego-2025_29-1-1024x683.jpg' width='847' height='565' \/><span class='icon fa fa-zoom'><\/span><div class='caption-block'><div class='text-wrapper'><span class='title'>Zakonczenie-roku-szkolnego-2025_29<\/span><\/div><\/div><\/a><div class='ftg-social'><\/div><\/div><div  class='tile ftg-preload  '><a title=\"Zakonczenie-roku-szkolnego-2025_43\" data-lightbox='ftg-320320' rel='ftg-320320'  class=' tile-inner  ftg-lightbox' href='https:\/\/spkrauszow.ugnowytarg.pl\/wp-content\/uploads\/2025\/07\/Zakonczenie-roku-szkolnego-2025_43-1-1024x683.jpg' ><img alt='Zakonczenie-roku-szkolnego-2025_43' class='item skip-lazy' data-class='item' data-ftg-source='https:\/\/spkrauszow.ugnowytarg.pl\/wp-content\/uploads\/2025\/07\/Zakonczenie-roku-szkolnego-2025_43-1-1024x683.jpg' src='https:\/\/spkrauszow.ugnowytarg.pl\/wp-content\/uploads\/2025\/07\/Zakonczenie-roku-szkolnego-2025_43-1-1024x683.jpg' width='847' height='565' \/><span class='icon fa fa-zoom'><\/span><div class='caption-block'><div class='text-wrapper'><span class='title'>Zakonczenie-roku-szkolnego-2025_43<\/span><\/div><\/div><\/a><div class='ftg-social'><\/div><\/div><div  class='tile ftg-preload  '><a title=\"Zakonczenie-roku-szkolnego-2025_71\" data-lightbox='ftg-320320' rel='ftg-320320'  class=' tile-inner  ftg-lightbox' href='https:\/\/spkrauszow.ugnowytarg.pl\/wp-content\/uploads\/2025\/07\/Zakonczenie-roku-szkolnego-2025_71-1-1024x683.jpg' ><img alt='Zakonczenie-roku-szkolnego-2025_71' class='item skip-lazy' data-class='item' data-ftg-source='https:\/\/spkrauszow.ugnowytarg.pl\/wp-content\/uploads\/2025\/07\/Zakonczenie-roku-szkolnego-2025_71-1-1024x683.jpg' src='https:\/\/spkrauszow.ugnowytarg.pl\/wp-content\/uploads\/2025\/07\/Zakonczenie-roku-szkolnego-2025_71-1-1024x683.jpg' width='847' height='565' \/><span class='icon fa fa-zoom'><\/span><div class='caption-block'><div class='text-wrapper'><span class='title'>Zakonczenie-roku-szkolnego-2025_71<\/span><\/div><\/div><\/a><div class='ftg-social'><\/div><\/div><\/div><\/div>\n","protected":false},"excerpt":{"rendered":"<p>W pi\u0105tek, 20 czerwca, punktualnie o godzinie 9:15, w Szkole Podstawowej w Krauszowie rozbrzmia\u0142 hymn pa\u0144stwowy, kt\u00f3rym rozpocz\u0119li\u015bmy uroczyste zako\u0144czenie roku szkolnego 2024\/2025. Poprzedniego dnia \u2013 w czwartek wieczorem \u2013 spo\u0142eczno\u015b\u0107 szkolna uczestniczy\u0142a we Mszy \u015awi\u0119tej dzi\u0119kczynnej odprawionej w Sanktuarium <a href=\"https:\/\/spkrauszow.ugnowytarg.pl\/index.php\/2025\/07\/02\/uroczyste-zakonczenie-roku-szkolnego-2024-2025-w-szkole-podstawowej-w-krauszowie\/\" class=\"read-more\">Czytaj wi\u0119cej &#8230;<\/a><\/p>\n","protected":false},"author":1,"featured_media":12348,"comment_status":"closed","ping_status":"open","sticky":false,"template":"","format":"standard","meta":[],"categories":[40],"tags":[],"yoast_head":"<!-- This site is optimized with the Yoast SEO plugin v20.4 - https:\/\/yoast.com\/wordpress\/plugins\/seo\/ -->\n<title>Uroczyste zako\u0144czenie roku szkolnego 2024\/2025 w Szkole Podstawowej w Krauszowie - SP KRAUSZ\u00d3W<\/title>\n<meta name=\"robots\" content=\"index, follow, max-snippet:-1, max-image-preview:large, max-video-preview:-1\" \/>\n<link rel=\"canonical\" href=\"https:\/\/spkrauszow.ugnowytarg.pl\/index.php\/2025\/07\/02\/uroczyste-zakonczenie-roku-szkolnego-2024-2025-w-szkole-podstawowej-w-krauszowie\/\" \/>\n<meta property=\"og:locale\" content=\"pl_PL\" \/>\n<meta property=\"og:type\" content=\"article\" \/>\n<meta property=\"og:title\" content=\"Uroczyste zako\u0144czenie roku szkolnego 2024\/2025 w Szkole Podstawowej w Krauszowie - SP KRAUSZ\u00d3W\" \/>\n<meta property=\"og:description\" content=\"W pi\u0105tek, 20 czerwca, punktualnie o godzinie 9:15, w Szkole Podstawowej w Krauszowie rozbrzmia\u0142 hymn pa\u0144stwowy, kt\u00f3rym rozpocz\u0119li\u015bmy uroczyste zako\u0144czenie roku szkolnego 2024\/2025. Poprzedniego dnia \u2013 w czwartek wieczorem \u2013 spo\u0142eczno\u015b\u0107 szkolna uczestniczy\u0142a we Mszy \u015awi\u0119tej dzi\u0119kczynnej odprawionej w Sanktuarium Czytaj wi\u0119cej ...\" \/>\n<meta property=\"og:url\" content=\"https:\/\/spkrauszow.ugnowytarg.pl\/index.php\/2025\/07\/02\/uroczyste-zakonczenie-roku-szkolnego-2024-2025-w-szkole-podstawowej-w-krauszowie\/\" \/>\n<meta property=\"og:site_name\" content=\"SP KRAUSZ\u00d3W\" \/>\n<meta property=\"article:published_time\" content=\"2025-07-02T16:28:26+00:00\" \/>\n<meta property=\"og:image\" content=\"https:\/\/spkrauszow.ugnowytarg.pl\/wp-content\/uploads\/2025\/07\/Zakonczenie-roku-szkolnego-2025_63.jpg\" \/>\n\t<meta property=\"og:image:width\" content=\"1500\" \/>\n\t<meta property=\"og:image:height\" content=\"1000\" \/>\n\t<meta property=\"og:image:type\" content=\"image\/jpeg\" \/>\n<meta name=\"author\" content=\"admin\" \/>\n<meta name=\"twitter:card\" content=\"summary_large_image\" \/>\n<meta name=\"twitter:label1\" content=\"Napisane przez\" \/>\n\t<meta name=\"twitter:data1\" content=\"admin\" \/>\n\t<meta name=\"twitter:label2\" content=\"Szacowany czas czytania\" \/>\n\t<meta name=\"twitter:data2\" content=\"3 minuty\" \/>\n<script type=\"application\/ld+json\" class=\"yoast-schema-graph\">{\"@context\":\"https:\/\/schema.org\",\"@graph\":[{\"@type\":\"WebPage\",\"@id\":\"https:\/\/spkrauszow.ugnowytarg.pl\/index.php\/2025\/07\/02\/uroczyste-zakonczenie-roku-szkolnego-2024-2025-w-szkole-podstawowej-w-krauszowie\/\",\"url\":\"https:\/\/spkrauszow.ugnowytarg.pl\/index.php\/2025\/07\/02\/uroczyste-zakonczenie-roku-szkolnego-2024-2025-w-szkole-podstawowej-w-krauszowie\/\",\"name\":\"Uroczyste zako\u0144czenie roku szkolnego 2024\/2025 w Szkole Podstawowej w Krauszowie - SP KRAUSZ\u00d3W\",\"isPartOf\":{\"@id\":\"https:\/\/spkrauszow.ugnowytarg.pl\/#website\"},\"datePublished\":\"2025-07-02T16:28:26+00:00\",\"dateModified\":\"2025-07-02T16:28:26+00:00\",\"author\":{\"@id\":\"https:\/\/spkrauszow.ugnowytarg.pl\/#\/schema\/person\/0b1c96abf20ea256c90bbb48daf698c4\"},\"breadcrumb\":{\"@id\":\"https:\/\/spkrauszow.ugnowytarg.pl\/index.php\/2025\/07\/02\/uroczyste-zakonczenie-roku-szkolnego-2024-2025-w-szkole-podstawowej-w-krauszowie\/#breadcrumb\"},\"inLanguage\":\"pl-PL\",\"potentialAction\":[{\"@type\":\"ReadAction\",\"target\":[\"https:\/\/spkrauszow.ugnowytarg.pl\/index.php\/2025\/07\/02\/uroczyste-zakonczenie-roku-szkolnego-2024-2025-w-szkole-podstawowej-w-krauszowie\/\"]}]},{\"@type\":\"BreadcrumbList\",\"@id\":\"https:\/\/spkrauszow.ugnowytarg.pl\/index.php\/2025\/07\/02\/uroczyste-zakonczenie-roku-szkolnego-2024-2025-w-szkole-podstawowej-w-krauszowie\/#breadcrumb\",\"itemListElement\":[{\"@type\":\"ListItem\",\"position\":1,\"name\":\"Strona g\u0142\u00f3wna\",\"item\":\"https:\/\/spkrauszow.ugnowytarg.pl\/\"},{\"@type\":\"ListItem\",\"position\":2,\"name\":\"Uroczyste zako\u0144czenie roku szkolnego 2024\/2025 w Szkole Podstawowej w Krauszowie\"}]},{\"@type\":\"WebSite\",\"@id\":\"https:\/\/spkrauszow.ugnowytarg.pl\/#website\",\"url\":\"https:\/\/spkrauszow.ugnowytarg.pl\/\",\"name\":\"SP KRAUSZ\u00d3W\",\"description\":\"\",\"potentialAction\":[{\"@type\":\"SearchAction\",\"target\":{\"@type\":\"EntryPoint\",\"urlTemplate\":\"https:\/\/spkrauszow.ugnowytarg.pl\/?s={search_term_string}\"},\"query-input\":\"required name=search_term_string\"}],\"inLanguage\":\"pl-PL\"},{\"@type\":\"Person\",\"@id\":\"https:\/\/spkrauszow.ugnowytarg.pl\/#\/schema\/person\/0b1c96abf20ea256c90bbb48daf698c4\",\"name\":\"admin\",\"image\":{\"@type\":\"ImageObject\",\"inLanguage\":\"pl-PL\",\"@id\":\"https:\/\/spkrauszow.ugnowytarg.pl\/#\/schema\/person\/image\/\",\"url\":\"https:\/\/secure.gravatar.com\/avatar\/422745ea88bd165873c9ef257e6387ed?s=96&d=mm&r=g\",\"contentUrl\":\"https:\/\/secure.gravatar.com\/avatar\/422745ea88bd165873c9ef257e6387ed?s=96&d=mm&r=g\",\"caption\":\"admin\"},\"sameAs\":[\"http:\/\/spkrauszow.ugnowytarg.pl\"],\"url\":\"https:\/\/spkrauszow.ugnowytarg.pl\/index.php\/author\/admin\/\"}]}<\/script>\n<!-- \/ Yoast SEO plugin. -->","yoast_head_json":{"title":"Uroczyste zako\u0144czenie roku szkolnego 2024\/2025 w Szkole Podstawowej w Krauszowie - SP KRAUSZ\u00d3W","robots":{"index":"index","follow":"follow","max-snippet":"max-snippet:-1","max-image-preview":"max-image-preview:large","max-video-preview":"max-video-preview:-1"},"canonical":"https:\/\/spkrauszow.ugnowytarg.pl\/index.php\/2025\/07\/02\/uroczyste-zakonczenie-roku-szkolnego-2024-2025-w-szkole-podstawowej-w-krauszowie\/","og_locale":"pl_PL","og_type":"article","og_title":"Uroczyste zako\u0144czenie roku szkolnego 2024\/2025 w Szkole Podstawowej w Krauszowie - SP KRAUSZ\u00d3W","og_description":"W pi\u0105tek, 20 czerwca, punktualnie o godzinie 9:15, w Szkole Podstawowej w Krauszowie rozbrzmia\u0142 hymn pa\u0144stwowy, kt\u00f3rym rozpocz\u0119li\u015bmy uroczyste zako\u0144czenie roku szkolnego 2024\/2025. Poprzedniego dnia \u2013 w czwartek wieczorem \u2013 spo\u0142eczno\u015b\u0107 szkolna uczestniczy\u0142a we Mszy \u015awi\u0119tej dzi\u0119kczynnej odprawionej w Sanktuarium Czytaj wi\u0119cej ...","og_url":"https:\/\/spkrauszow.ugnowytarg.pl\/index.php\/2025\/07\/02\/uroczyste-zakonczenie-roku-szkolnego-2024-2025-w-szkole-podstawowej-w-krauszowie\/","og_site_name":"SP KRAUSZ\u00d3W","article_published_time":"2025-07-02T16:28:26+00:00","og_image":[{"width":1500,"height":1000,"url":"https:\/\/spkrauszow.ugnowytarg.pl\/wp-content\/uploads\/2025\/07\/Zakonczenie-roku-szkolnego-2025_63.jpg","type":"image\/jpeg"}],"author":"admin","twitter_card":"summary_large_image","twitter_misc":{"Napisane przez":"admin","Szacowany czas czytania":"3 minuty"},"schema":{"@context":"https:\/\/schema.org","@graph":[{"@type":"WebPage","@id":"https:\/\/spkrauszow.ugnowytarg.pl\/index.php\/2025\/07\/02\/uroczyste-zakonczenie-roku-szkolnego-2024-2025-w-szkole-podstawowej-w-krauszowie\/","url":"https:\/\/spkrauszow.ugnowytarg.pl\/index.php\/2025\/07\/02\/uroczyste-zakonczenie-roku-szkolnego-2024-2025-w-szkole-podstawowej-w-krauszowie\/","name":"Uroczyste zako\u0144czenie roku szkolnego 2024\/2025 w Szkole Podstawowej w Krauszowie - SP KRAUSZ\u00d3W","isPartOf":{"@id":"https:\/\/spkrauszow.ugnowytarg.pl\/#website"},"datePublished":"2025-07-02T16:28:26+00:00","dateModified":"2025-07-02T16:28:26+00:00","author":{"@id":"https:\/\/spkrauszow.ugnowytarg.pl\/#\/schema\/person\/0b1c96abf20ea256c90bbb48daf698c4"},"breadcrumb":{"@id":"https:\/\/spkrauszow.ugnowytarg.pl\/index.php\/2025\/07\/02\/uroczyste-zakonczenie-roku-szkolnego-2024-2025-w-szkole-podstawowej-w-krauszowie\/#breadcrumb"},"inLanguage":"pl-PL","potentialAction":[{"@type":"ReadAction","target":["https:\/\/spkrauszow.ugnowytarg.pl\/index.php\/2025\/07\/02\/uroczyste-zakonczenie-roku-szkolnego-2024-2025-w-szkole-podstawowej-w-krauszowie\/"]}]},{"@type":"BreadcrumbList","@id":"https:\/\/spkrauszow.ugnowytarg.pl\/index.php\/2025\/07\/02\/uroczyste-zakonczenie-roku-szkolnego-2024-2025-w-szkole-podstawowej-w-krauszowie\/#breadcrumb","itemListElement":[{"@type":"ListItem","position":1,"name":"Strona g\u0142\u00f3wna","item":"https:\/\/spkrauszow.ugnowytarg.pl\/"},{"@type":"ListItem","position":2,"name":"Uroczyste zako\u0144czenie roku szkolnego 2024\/2025 w Szkole Podstawowej w Krauszowie"}]},{"@type":"WebSite","@id":"https:\/\/spkrauszow.ugnowytarg.pl\/#website","url":"https:\/\/spkrauszow.ugnowytarg.pl\/","name":"SP KRAUSZ\u00d3W","description":"","potentialAction":[{"@type":"SearchAction","target":{"@type":"EntryPoint","urlTemplate":"https:\/\/spkrauszow.ugnowytarg.pl\/?s={search_term_string}"},"query-input":"required name=search_term_string"}],"inLanguage":"pl-PL"},{"@type":"Person","@id":"https:\/\/spkrauszow.ugnowytarg.pl\/#\/schema\/person\/0b1c96abf20ea256c90bbb48daf698c4","name":"admin","image":{"@type":"ImageObject","inLanguage":"pl-PL","@id":"https:\/\/spkrauszow.ugnowytarg.pl\/#\/schema\/person\/image\/","url":"https:\/\/secure.gravatar.com\/avatar\/422745ea88bd165873c9ef257e6387ed?s=96&d=mm&r=g","contentUrl":"https:\/\/secure.gravatar.com\/avatar\/422745ea88bd165873c9ef257e6387ed?s=96&d=mm&r=g","caption":"admin"},"sameAs":["http:\/\/spkrauszow.ugnowytarg.pl"],"url":"https:\/\/spkrauszow.ugnowytarg.pl\/index.php\/author\/admin\/"}]}},"jetpack_featured_media_url":"https:\/\/spkrauszow.ugnowytarg.pl\/wp-content\/uploads\/2025\/07\/Zakonczenie-roku-szkolnego-2025_63.jpg","_links":{"self":[{"href":"https:\/\/spkrauszow.ugnowytarg.pl\/index.php\/wp-json\/wp\/v2\/posts\/12284"}],"collection":[{"href":"https:\/\/spkrauszow.ugnowytarg.pl\/index.php\/wp-json\/wp\/v2\/posts"}],"about":[{"href":"https:\/\/spkrauszow.ugnowytarg.pl\/index.php\/wp-json\/wp\/v2\/types\/post"}],"author":[{"embeddable":true,"href":"https:\/\/spkrauszow.ugnowytarg.pl\/index.php\/wp-json\/wp\/v2\/users\/1"}],"replies":[{"embeddable":true,"href":"https:\/\/spkrauszow.ugnowytarg.pl\/index.php\/wp-json\/wp\/v2\/comments?post=12284"}],"version-history":[{"count":2,"href":"https:\/\/spkrauszow.ugnowytarg.pl\/index.php\/wp-json\/wp\/v2\/posts\/12284\/revisions"}],"predecessor-version":[{"id":12362,"href":"https:\/\/spkrauszow.ugnowytarg.pl\/index.php\/wp-json\/wp\/v2\/posts\/12284\/revisions\/12362"}],"wp:featuredmedia":[{"embeddable":true,"href":"https:\/\/spkrauszow.ugnowytarg.pl\/index.php\/wp-json\/wp\/v2\/media\/12348"}],"wp:attachment":[{"href":"https:\/\/spkrauszow.ugnowytarg.pl\/index.php\/wp-json\/wp\/v2\/media?parent=12284"}],"wp:term":[{"taxonomy":"category","embeddable":true,"href":"https:\/\/spkrauszow.ugnowytarg.pl\/index.php\/wp-json\/wp\/v2\/categories?post=12284"},{"taxonomy":"post_tag","embeddable":true,"href":"https:\/\/spkrauszow.ugnowytarg.pl\/index.php\/wp-json\/wp\/v2\/tags?post=12284"}],"curies":[{"name":"wp","href":"https:\/\/api.w.org\/{rel}","templated":true}]}}