{"id":11443,"date":"2025-03-11T15:48:32","date_gmt":"2025-03-11T14:48:32","guid":{"rendered":"https:\/\/spkrauszow.ugnowytarg.pl\/?p=11443"},"modified":"2025-09-30T17:59:46","modified_gmt":"2025-09-30T15:59:46","slug":"dzien-kobiet-i-mezczyzn-w-oddziale-przedszkolnym","status":"publish","type":"post","link":"https:\/\/spkrauszow.ugnowytarg.pl\/index.php\/2025\/03\/11\/dzien-kobiet-i-mezczyzn-w-oddziale-przedszkolnym\/","title":{"rendered":"Dzie\u0144 Kobiet i M\u0119\u017cczyzn w oddziale przedszkolnym"},"content":{"rendered":"<p>W tym roku postanowili\u015bmy po\u0142\u0105czy\u0107 Dzie\u0144 Kobiet i Dzie\u0144 M\u0119\u017cczyzn w jedno wyj\u0105tkowe \u015bwi\u0119to, podkre\u015blaj\u0105c, \u017ce\u00a0wszyscy jeste\u015bmy wa\u017cni \u2013 zar\u00f3wno dziewczynki, jak i ch\u0142opcy!<\/p>\n<p>Z tej okazji wzi\u0119li\u015bmy udzia\u0142 w konkursie na najd\u0142u\u017cszy warkocz, kt\u00f3ry dostarczy\u0142 nam mn\u00f3stwo rado\u015bci. Dzieci z\u00a0ogromnym zaanga\u017cowaniem przygotowa\u0142y dla siebie niespodzianki \u2013 dziewczynki w\u0142asnor\u0119cznie wykona\u0142y prezenty dla ch\u0142opc\u00f3w, a ch\u0142opcy dla dziewczynek.<\/p>\n<p>To by\u0142 dzie\u0144 pe\u0142en u\u015bmiechu, wzajemnej \u017cyczliwo\u015bci i wsp\u00f3lnej zabawy!<\/p>\n<p>&nbsp;<\/p>\n<p style=\"text-align: right;\"><span style=\"font-size: 10pt;\">Autor tekstu: Weronika Murzyd\u0142o<\/span><\/p>\n<!-- Final Tiles Grid Gallery for WordPress v3.6.13 free --><style>#ftg-288288 .tile .icon { color:#ffffff; }#ftg-288288 .ftg-items .loading-bar i { background:#666; }#ftg-288288 .ftg-items .loading-bar { background:#fff; }#ftg-288288 .tile .icon { font-size:12px; }#ftg-288288 .tile .icon { margin: -6px 0 0 -6px; }#ftg-288288 .tile .caption-block .text-wrapper span.text { font-size:12px; }#ftg-288288 .tile .caption-outside .text-wrapper span.text { font-size:12px; }#ftg-288288 .tile .caption-block .text-wrapper span.title { font-size:14px; }#ftg-288288 .tile .caption-outside .text-wrapper span.title { font-size:14px; }#ftg-288288 .tile { background-color: transparent; }#ftg-288288 .tile .caption-block .text-wrapper span.text { color: #ffffff; }#ftg-288288 .tile .caption-block .text-wrapper span.title { color: #ffffff; }#ftg-288288 .tile .caption-outside .text-wrapper span.text { color: #ffffff; }#ftg-288288 .tile .caption-outside .text-wrapper span.title { color: #ffffff; }#ftg-288288 .tile .ftg-social a { color: #ffffff; }#ftg-288288 .tile .caption-block { transition-timing-function:linear; }#ftg-288288 .tile .caption-block { transition-duration:0.25s; }#ftg-288288 .tile .tile-inner:before { background-color: #000000; }#ftg-288288 .tile .tile-inner:before { background-color: rgba(0, 0, 0, 0.8); }<\/style><a name=\"288\"><\/a><div class=\"final-tiles-gallery  ftg-hover-enabled caption-inside  caption-none caption-middle caption-center\" id=\"ftg-288288\" style=\"width: 100%\"><div class='ftg-items'><div class='loading-bar'><i><\/i><\/div><div  class='tile ftg-preload  '><a title=\"Dzien-Kobiet-Mezczyzn-oddzial-przedszkolny-2025_1\" data-lightbox='ftg-288288' rel='ftg-288288'  class=' tile-inner  ftg-lightbox' href='https:\/\/spkrauszow.ugnowytarg.pl\/wp-content\/uploads\/2025\/03\/Dzien-Kobiet-Mezczyzn-oddzial-przedszkolny-2025_1.jpg' ><img alt='Dzien-Kobiet-Mezczyzn-oddzial-przedszkolny-2025_1' class='item skip-lazy' data-class='item' data-ftg-source='https:\/\/spkrauszow.ugnowytarg.pl\/wp-content\/uploads\/2025\/03\/Dzien-Kobiet-Mezczyzn-oddzial-przedszkolny-2025_1.jpg' src='https:\/\/spkrauszow.ugnowytarg.pl\/wp-content\/uploads\/2025\/03\/Dzien-Kobiet-Mezczyzn-oddzial-przedszkolny-2025_1.jpg' width='756' height='1008' \/><span class='icon fa fa-zoom'><\/span><div class='caption-block'><div class='text-wrapper'><span class='title'>Dzien-Kobiet-Mezczyzn-oddzial-przedszkolny-2025_1<\/span><\/div><\/div><\/a><div class='ftg-social'><\/div><\/div><div  class='tile ftg-preload  '><a title=\"Dzien-Kobiet-Mezczyzn-oddzial-przedszkolny-2025_2\" data-lightbox='ftg-288288' rel='ftg-288288'  class=' tile-inner  ftg-lightbox' href='https:\/\/spkrauszow.ugnowytarg.pl\/wp-content\/uploads\/2025\/03\/Dzien-Kobiet-Mezczyzn-oddzial-przedszkolny-2025_2.jpg' ><img alt='Dzien-Kobiet-Mezczyzn-oddzial-przedszkolny-2025_2' class='item skip-lazy' data-class='item' data-ftg-source='https:\/\/spkrauszow.ugnowytarg.pl\/wp-content\/uploads\/2025\/03\/Dzien-Kobiet-Mezczyzn-oddzial-przedszkolny-2025_2.jpg' src='https:\/\/spkrauszow.ugnowytarg.pl\/wp-content\/uploads\/2025\/03\/Dzien-Kobiet-Mezczyzn-oddzial-przedszkolny-2025_2.jpg' width='1008' height='756' \/><span class='icon fa fa-zoom'><\/span><div class='caption-block'><div class='text-wrapper'><span class='title'>Dzien-Kobiet-Mezczyzn-oddzial-przedszkolny-2025_2<\/span><\/div><\/div><\/a><div class='ftg-social'><\/div><\/div><div  class='tile ftg-preload  '><a title=\"Dzien-Kobiet-Mezczyzn-oddzial-przedszkolny-2025_3\" data-lightbox='ftg-288288' rel='ftg-288288'  class=' tile-inner  ftg-lightbox' href='https:\/\/spkrauszow.ugnowytarg.pl\/wp-content\/uploads\/2025\/03\/Dzien-Kobiet-Mezczyzn-oddzial-przedszkolny-2025_3.jpg' ><img alt='Dzien-Kobiet-Mezczyzn-oddzial-przedszkolny-2025_3' class='item skip-lazy' data-class='item' data-ftg-source='https:\/\/spkrauszow.ugnowytarg.pl\/wp-content\/uploads\/2025\/03\/Dzien-Kobiet-Mezczyzn-oddzial-przedszkolny-2025_3.jpg' src='https:\/\/spkrauszow.ugnowytarg.pl\/wp-content\/uploads\/2025\/03\/Dzien-Kobiet-Mezczyzn-oddzial-przedszkolny-2025_3.jpg' width='1008' height='756' \/><span class='icon fa fa-zoom'><\/span><div class='caption-block'><div class='text-wrapper'><span class='title'>Dzien-Kobiet-Mezczyzn-oddzial-przedszkolny-2025_3<\/span><\/div><\/div><\/a><div class='ftg-social'><\/div><\/div><\/div><\/div>\n","protected":false},"excerpt":{"rendered":"<p>W tym roku postanowili\u015bmy po\u0142\u0105czy\u0107 Dzie\u0144 Kobiet i Dzie\u0144 M\u0119\u017cczyzn w jedno wyj\u0105tkowe \u015bwi\u0119to, podkre\u015blaj\u0105c, \u017ce\u00a0wszyscy jeste\u015bmy wa\u017cni \u2013 zar\u00f3wno dziewczynki, jak i ch\u0142opcy! Z tej okazji wzi\u0119li\u015bmy udzia\u0142 w konkursie na najd\u0142u\u017cszy warkocz, kt\u00f3ry dostarczy\u0142 nam mn\u00f3stwo rado\u015bci. Dzieci <a href=\"https:\/\/spkrauszow.ugnowytarg.pl\/index.php\/2025\/03\/11\/dzien-kobiet-i-mezczyzn-w-oddziale-przedszkolnym\/\" class=\"read-more\">Czytaj wi\u0119cej &#8230;<\/a><\/p>\n","protected":false},"author":1,"featured_media":0,"comment_status":"closed","ping_status":"open","sticky":false,"template":"","format":"standard","meta":[],"categories":[40],"tags":[],"yoast_head":"<!-- This site is optimized with the Yoast SEO plugin v20.4 - https:\/\/yoast.com\/wordpress\/plugins\/seo\/ -->\n<title>Dzie\u0144 Kobiet i M\u0119\u017cczyzn w oddziale przedszkolnym - SP KRAUSZ\u00d3W<\/title>\n<meta name=\"robots\" content=\"index, follow, max-snippet:-1, max-image-preview:large, max-video-preview:-1\" \/>\n<link rel=\"canonical\" href=\"https:\/\/spkrauszow.ugnowytarg.pl\/index.php\/2025\/03\/11\/dzien-kobiet-i-mezczyzn-w-oddziale-przedszkolnym\/\" \/>\n<meta property=\"og:locale\" content=\"pl_PL\" \/>\n<meta property=\"og:type\" content=\"article\" \/>\n<meta property=\"og:title\" content=\"Dzie\u0144 Kobiet i M\u0119\u017cczyzn w oddziale przedszkolnym - SP KRAUSZ\u00d3W\" \/>\n<meta property=\"og:description\" content=\"W tym roku postanowili\u015bmy po\u0142\u0105czy\u0107 Dzie\u0144 Kobiet i Dzie\u0144 M\u0119\u017cczyzn w jedno wyj\u0105tkowe \u015bwi\u0119to, podkre\u015blaj\u0105c, \u017ce\u00a0wszyscy jeste\u015bmy wa\u017cni \u2013 zar\u00f3wno dziewczynki, jak i ch\u0142opcy! Z tej okazji wzi\u0119li\u015bmy udzia\u0142 w konkursie na najd\u0142u\u017cszy warkocz, kt\u00f3ry dostarczy\u0142 nam mn\u00f3stwo rado\u015bci. Dzieci Czytaj wi\u0119cej ...\" \/>\n<meta property=\"og:url\" content=\"https:\/\/spkrauszow.ugnowytarg.pl\/index.php\/2025\/03\/11\/dzien-kobiet-i-mezczyzn-w-oddziale-przedszkolnym\/\" \/>\n<meta property=\"og:site_name\" content=\"SP KRAUSZ\u00d3W\" \/>\n<meta property=\"article:published_time\" content=\"2025-03-11T14:48:32+00:00\" \/>\n<meta property=\"article:modified_time\" content=\"2025-09-30T15:59:46+00:00\" \/>\n<meta name=\"author\" content=\"admin\" \/>\n<meta name=\"twitter:card\" content=\"summary_large_image\" \/>\n<meta name=\"twitter:label1\" content=\"Napisane przez\" \/>\n\t<meta name=\"twitter:data1\" content=\"admin\" \/>\n\t<meta name=\"twitter:label2\" content=\"Szacowany czas czytania\" \/>\n\t<meta name=\"twitter:data2\" content=\"1 minuta\" \/>\n<script type=\"application\/ld+json\" class=\"yoast-schema-graph\">{\"@context\":\"https:\/\/schema.org\",\"@graph\":[{\"@type\":\"WebPage\",\"@id\":\"https:\/\/spkrauszow.ugnowytarg.pl\/index.php\/2025\/03\/11\/dzien-kobiet-i-mezczyzn-w-oddziale-przedszkolnym\/\",\"url\":\"https:\/\/spkrauszow.ugnowytarg.pl\/index.php\/2025\/03\/11\/dzien-kobiet-i-mezczyzn-w-oddziale-przedszkolnym\/\",\"name\":\"Dzie\u0144 Kobiet i M\u0119\u017cczyzn w oddziale przedszkolnym - SP KRAUSZ\u00d3W\",\"isPartOf\":{\"@id\":\"https:\/\/spkrauszow.ugnowytarg.pl\/#website\"},\"datePublished\":\"2025-03-11T14:48:32+00:00\",\"dateModified\":\"2025-09-30T15:59:46+00:00\",\"author\":{\"@id\":\"https:\/\/spkrauszow.ugnowytarg.pl\/#\/schema\/person\/0b1c96abf20ea256c90bbb48daf698c4\"},\"breadcrumb\":{\"@id\":\"https:\/\/spkrauszow.ugnowytarg.pl\/index.php\/2025\/03\/11\/dzien-kobiet-i-mezczyzn-w-oddziale-przedszkolnym\/#breadcrumb\"},\"inLanguage\":\"pl-PL\",\"potentialAction\":[{\"@type\":\"ReadAction\",\"target\":[\"https:\/\/spkrauszow.ugnowytarg.pl\/index.php\/2025\/03\/11\/dzien-kobiet-i-mezczyzn-w-oddziale-przedszkolnym\/\"]}]},{\"@type\":\"BreadcrumbList\",\"@id\":\"https:\/\/spkrauszow.ugnowytarg.pl\/index.php\/2025\/03\/11\/dzien-kobiet-i-mezczyzn-w-oddziale-przedszkolnym\/#breadcrumb\",\"itemListElement\":[{\"@type\":\"ListItem\",\"position\":1,\"name\":\"Strona g\u0142\u00f3wna\",\"item\":\"https:\/\/spkrauszow.ugnowytarg.pl\/\"},{\"@type\":\"ListItem\",\"position\":2,\"name\":\"Dzie\u0144 Kobiet i M\u0119\u017cczyzn w oddziale przedszkolnym\"}]},{\"@type\":\"WebSite\",\"@id\":\"https:\/\/spkrauszow.ugnowytarg.pl\/#website\",\"url\":\"https:\/\/spkrauszow.ugnowytarg.pl\/\",\"name\":\"SP KRAUSZ\u00d3W\",\"description\":\"\",\"potentialAction\":[{\"@type\":\"SearchAction\",\"target\":{\"@type\":\"EntryPoint\",\"urlTemplate\":\"https:\/\/spkrauszow.ugnowytarg.pl\/?s={search_term_string}\"},\"query-input\":\"required name=search_term_string\"}],\"inLanguage\":\"pl-PL\"},{\"@type\":\"Person\",\"@id\":\"https:\/\/spkrauszow.ugnowytarg.pl\/#\/schema\/person\/0b1c96abf20ea256c90bbb48daf698c4\",\"name\":\"admin\",\"image\":{\"@type\":\"ImageObject\",\"inLanguage\":\"pl-PL\",\"@id\":\"https:\/\/spkrauszow.ugnowytarg.pl\/#\/schema\/person\/image\/\",\"url\":\"https:\/\/secure.gravatar.com\/avatar\/422745ea88bd165873c9ef257e6387ed?s=96&d=mm&r=g\",\"contentUrl\":\"https:\/\/secure.gravatar.com\/avatar\/422745ea88bd165873c9ef257e6387ed?s=96&d=mm&r=g\",\"caption\":\"admin\"},\"sameAs\":[\"http:\/\/spkrauszow.ugnowytarg.pl\"],\"url\":\"https:\/\/spkrauszow.ugnowytarg.pl\/index.php\/author\/admin\/\"}]}<\/script>\n<!-- \/ Yoast SEO plugin. -->","yoast_head_json":{"title":"Dzie\u0144 Kobiet i M\u0119\u017cczyzn w oddziale przedszkolnym - SP KRAUSZ\u00d3W","robots":{"index":"index","follow":"follow","max-snippet":"max-snippet:-1","max-image-preview":"max-image-preview:large","max-video-preview":"max-video-preview:-1"},"canonical":"https:\/\/spkrauszow.ugnowytarg.pl\/index.php\/2025\/03\/11\/dzien-kobiet-i-mezczyzn-w-oddziale-przedszkolnym\/","og_locale":"pl_PL","og_type":"article","og_title":"Dzie\u0144 Kobiet i M\u0119\u017cczyzn w oddziale przedszkolnym - SP KRAUSZ\u00d3W","og_description":"W tym roku postanowili\u015bmy po\u0142\u0105czy\u0107 Dzie\u0144 Kobiet i Dzie\u0144 M\u0119\u017cczyzn w jedno wyj\u0105tkowe \u015bwi\u0119to, podkre\u015blaj\u0105c, \u017ce\u00a0wszyscy jeste\u015bmy wa\u017cni \u2013 zar\u00f3wno dziewczynki, jak i ch\u0142opcy! Z tej okazji wzi\u0119li\u015bmy udzia\u0142 w konkursie na najd\u0142u\u017cszy warkocz, kt\u00f3ry dostarczy\u0142 nam mn\u00f3stwo rado\u015bci. Dzieci Czytaj wi\u0119cej ...","og_url":"https:\/\/spkrauszow.ugnowytarg.pl\/index.php\/2025\/03\/11\/dzien-kobiet-i-mezczyzn-w-oddziale-przedszkolnym\/","og_site_name":"SP KRAUSZ\u00d3W","article_published_time":"2025-03-11T14:48:32+00:00","article_modified_time":"2025-09-30T15:59:46+00:00","author":"admin","twitter_card":"summary_large_image","twitter_misc":{"Napisane przez":"admin","Szacowany czas czytania":"1 minuta"},"schema":{"@context":"https:\/\/schema.org","@graph":[{"@type":"WebPage","@id":"https:\/\/spkrauszow.ugnowytarg.pl\/index.php\/2025\/03\/11\/dzien-kobiet-i-mezczyzn-w-oddziale-przedszkolnym\/","url":"https:\/\/spkrauszow.ugnowytarg.pl\/index.php\/2025\/03\/11\/dzien-kobiet-i-mezczyzn-w-oddziale-przedszkolnym\/","name":"Dzie\u0144 Kobiet i M\u0119\u017cczyzn w oddziale przedszkolnym - SP KRAUSZ\u00d3W","isPartOf":{"@id":"https:\/\/spkrauszow.ugnowytarg.pl\/#website"},"datePublished":"2025-03-11T14:48:32+00:00","dateModified":"2025-09-30T15:59:46+00:00","author":{"@id":"https:\/\/spkrauszow.ugnowytarg.pl\/#\/schema\/person\/0b1c96abf20ea256c90bbb48daf698c4"},"breadcrumb":{"@id":"https:\/\/spkrauszow.ugnowytarg.pl\/index.php\/2025\/03\/11\/dzien-kobiet-i-mezczyzn-w-oddziale-przedszkolnym\/#breadcrumb"},"inLanguage":"pl-PL","potentialAction":[{"@type":"ReadAction","target":["https:\/\/spkrauszow.ugnowytarg.pl\/index.php\/2025\/03\/11\/dzien-kobiet-i-mezczyzn-w-oddziale-przedszkolnym\/"]}]},{"@type":"BreadcrumbList","@id":"https:\/\/spkrauszow.ugnowytarg.pl\/index.php\/2025\/03\/11\/dzien-kobiet-i-mezczyzn-w-oddziale-przedszkolnym\/#breadcrumb","itemListElement":[{"@type":"ListItem","position":1,"name":"Strona g\u0142\u00f3wna","item":"https:\/\/spkrauszow.ugnowytarg.pl\/"},{"@type":"ListItem","position":2,"name":"Dzie\u0144 Kobiet i M\u0119\u017cczyzn w oddziale przedszkolnym"}]},{"@type":"WebSite","@id":"https:\/\/spkrauszow.ugnowytarg.pl\/#website","url":"https:\/\/spkrauszow.ugnowytarg.pl\/","name":"SP KRAUSZ\u00d3W","description":"","potentialAction":[{"@type":"SearchAction","target":{"@type":"EntryPoint","urlTemplate":"https:\/\/spkrauszow.ugnowytarg.pl\/?s={search_term_string}"},"query-input":"required name=search_term_string"}],"inLanguage":"pl-PL"},{"@type":"Person","@id":"https:\/\/spkrauszow.ugnowytarg.pl\/#\/schema\/person\/0b1c96abf20ea256c90bbb48daf698c4","name":"admin","image":{"@type":"ImageObject","inLanguage":"pl-PL","@id":"https:\/\/spkrauszow.ugnowytarg.pl\/#\/schema\/person\/image\/","url":"https:\/\/secure.gravatar.com\/avatar\/422745ea88bd165873c9ef257e6387ed?s=96&d=mm&r=g","contentUrl":"https:\/\/secure.gravatar.com\/avatar\/422745ea88bd165873c9ef257e6387ed?s=96&d=mm&r=g","caption":"admin"},"sameAs":["http:\/\/spkrauszow.ugnowytarg.pl"],"url":"https:\/\/spkrauszow.ugnowytarg.pl\/index.php\/author\/admin\/"}]}},"jetpack_featured_media_url":"","_links":{"self":[{"href":"https:\/\/spkrauszow.ugnowytarg.pl\/index.php\/wp-json\/wp\/v2\/posts\/11443"}],"collection":[{"href":"https:\/\/spkrauszow.ugnowytarg.pl\/index.php\/wp-json\/wp\/v2\/posts"}],"about":[{"href":"https:\/\/spkrauszow.ugnowytarg.pl\/index.php\/wp-json\/wp\/v2\/types\/post"}],"author":[{"embeddable":true,"href":"https:\/\/spkrauszow.ugnowytarg.pl\/index.php\/wp-json\/wp\/v2\/users\/1"}],"replies":[{"embeddable":true,"href":"https:\/\/spkrauszow.ugnowytarg.pl\/index.php\/wp-json\/wp\/v2\/comments?post=11443"}],"version-history":[{"count":3,"href":"https:\/\/spkrauszow.ugnowytarg.pl\/index.php\/wp-json\/wp\/v2\/posts\/11443\/revisions"}],"predecessor-version":[{"id":12803,"href":"https:\/\/spkrauszow.ugnowytarg.pl\/index.php\/wp-json\/wp\/v2\/posts\/11443\/revisions\/12803"}],"wp:attachment":[{"href":"https:\/\/spkrauszow.ugnowytarg.pl\/index.php\/wp-json\/wp\/v2\/media?parent=11443"}],"wp:term":[{"taxonomy":"category","embeddable":true,"href":"https:\/\/spkrauszow.ugnowytarg.pl\/index.php\/wp-json\/wp\/v2\/categories?post=11443"},{"taxonomy":"post_tag","embeddable":true,"href":"https:\/\/spkrauszow.ugnowytarg.pl\/index.php\/wp-json\/wp\/v2\/tags?post=11443"}],"curies":[{"name":"wp","href":"https:\/\/api.w.org\/{rel}","templated":true}]}}